{"id":3597,"date":"2021-05-10T20:21:20","date_gmt":"2021-05-11T01:21:20","guid":{"rendered":"http:\/\/derechosinfronteras.pe\/?p=7478"},"modified":"2021-05-10T20:21:20","modified_gmt":"2021-05-11T01:21:20","slug":"planton-en-exigencia-de-inicio-de-juicio-oral","status":"publish","type":"post","link":"https:\/\/derechosinfronteras.pe\/ingles\/planton-en-exigencia-de-inicio-de-juicio-oral\/","title":{"rendered":"Plant\u00f3n en exigencia de inicio de juicio oral"},"content":{"rendered":"<p><span style=\"font-weight: 400;\">Redacci\u00f3n DHSF<\/span><\/p>\n<p>Foto: Somos 2074 y Muchas M\u00e1s<\/p>\n<p>&nbsp;<\/p>\n<p><span style=\"font-weight: 400;\">Este martes 11, a las 11:00 de la ma\u00f1ana, la Asociaci\u00f3n de Mujeres Peruanas Afectadas por las Esterilizaciones Forzadas (AMPAEF) acatar\u00e1 un plant\u00f3n exigiendo la apertura del juicio y reparaciones integrales,\u00a0 \u201cpese a las acciones fujimoristas para dilatarlas\u201d.<\/span><\/p>\n<p><span style=\"font-weight: 400;\">As\u00ed lo anunciaron a trav\u00e9s de un pronunciamiento, en el cual afirma que no puede existir di\u00e1logo con la candidata a la presidencia Keiko Fujimori porque pretende indultar a su padre, el expresidente Alberto Fujimori Fujimori, denunciado como uno de los responsables junto a sus exministros de Salud de la pol\u00edtica estatal de esterilizaciones forzadas. Asimismo, manifiestan que, de ser elegido Pedro Castillo, hay opciones de di\u00e1logo.<\/span><\/p>\n<p><span style=\"font-weight: 400;\">Precisamente, sobre el candidato Pedro Castillo manifiesta que s\u00ed se puede dialogar y expresar exigencias y cumplimientos, pero a su vez quieren solicitar compromisos sobre el acceso a justicia y las reparaciones integrales.<\/span><\/p>\n<p><span style=\"font-weight: 400;\">Recordemos que el caso de las esterilizaciones forzadas est\u00e1 en etapa de la audiencia de presentaci\u00f3n de cargos y de investigaci\u00f3n, donde el fiscal ha presentado m\u00e1s de 182 pruebas de convicci\u00f3n contra los acusados. Por su parte, los abogados de los denunciados sustentan sus argumentos de defensa. Depende del juez si da o no inicio al juicio oral.\u00a0\u00a0<\/span><\/p>\n<p><span style=\"font-weight: 400;\">La AMPAEF est\u00e1 formada por organizaciones de Cusco, Piura, Cajamarca, Ayacucho, Huancavelica, Ucayali,\u00a0 San Mart\u00edn Lima y Callao. Sus integrantes fueron v\u00edctimas de las esterilizaciones forzadas y exigen que se identifique, juzgue y sancione a los responsables que esterilizaron forzosamente a aproximadamente 350000 mujeres y 25000 varones.<\/span><\/p>\n<p><span style=\"font-weight: 400;\">La presidenta de la Asociaci\u00f3n de Mujeres Afectadas por Esterilizaciones Forzadas de Chumbivilcas, In\u00e9s Condori, declar\u00f3 que la candidata Keiko Fujimori, hasta el momento, no se pronuncia respecto al caso de Esterilizaciones Forzadas y que ella jam\u00e1s apoyar\u00eda su candidatura.\u00a0<\/span><\/p>","protected":false},"excerpt":{"rendered":"<p>Redacci\u00f3n DHSF Foto: Somos 2074 y Muchas M\u00e1s &nbsp; Este martes 11, a las 11:00 de la ma\u00f1ana, la Asociaci\u00f3n de Mujeres Peruanas Afectadas por las Esterilizaciones Forzadas (AMPAEF) acatar\u00e1 un plant\u00f3n exigiendo la apertura del juicio y reparaciones integrales,\u00a0 \u201cpese a las acciones fujimoristas para dilatarlas\u201d. As\u00ed lo anunciaron a trav\u00e9s de un pronunciamiento, [&hellip;]<\/p>\n","protected":false},"author":1,"featured_media":3598,"comment_status":"open","ping_status":"open","sticky":false,"template":"","format":"standard","meta":{"_monsterinsights_skip_tracking":false,"_monsterinsights_sitenote_active":false,"_monsterinsights_sitenote_note":"","_monsterinsights_sitenote_category":0,"_jetpack_memberships_contains_paid_content":false,"footnotes":"","jetpack_publicize_message":"","jetpack_publicize_feature_enabled":true,"jetpack_social_post_already_shared":false,"jetpack_social_options":{"image_generator_settings":{"template":"highway","default_image_id":0,"font":"","enabled":false},"version":2}},"categories":[1],"tags":[],"class_list":["post-3597","post","type-post","status-publish","format-standard","has-post-thumbnail","hentry","category-sin-categoria"],"blocksy_meta":[],"jetpack_publicize_connections":[],"jetpack_featured_media_url":"https:\/\/derechosinfronteras.pe\/wp-content\/uploads\/2021\/05\/ines2.png","jetpack_sharing_enabled":true,"jetpack_likes_enabled":true,"_links":{"self":[{"href":"https:\/\/derechosinfronteras.pe\/ingles\/wp-json\/wp\/v2\/posts\/3597","targetHints":{"allow":["GET"]}}],"collection":[{"href":"https:\/\/derechosinfronteras.pe\/ingles\/wp-json\/wp\/v2\/posts"}],"about":[{"href":"https:\/\/derechosinfronteras.pe\/ingles\/wp-json\/wp\/v2\/types\/post"}],"author":[{"embeddable":true,"href":"https:\/\/derechosinfronteras.pe\/ingles\/wp-json\/wp\/v2\/users\/1"}],"replies":[{"embeddable":true,"href":"https:\/\/derechosinfronteras.pe\/ingles\/wp-json\/wp\/v2\/comments?post=3597"}],"version-history":[{"count":0,"href":"https:\/\/derechosinfronteras.pe\/ingles\/wp-json\/wp\/v2\/posts\/3597\/revisions"}],"wp:featuredmedia":[{"embeddable":true,"href":"https:\/\/derechosinfronteras.pe\/ingles\/wp-json\/wp\/v2\/media\/3598"}],"wp:attachment":[{"href":"https:\/\/derechosinfronteras.pe\/ingles\/wp-json\/wp\/v2\/media?parent=3597"}],"wp:term":[{"taxonomy":"category","embeddable":true,"href":"https:\/\/derechosinfronteras.pe\/ingles\/wp-json\/wp\/v2\/categories?post=3597"},{"taxonomy":"post_tag","embeddable":true,"href":"https:\/\/derechosinfronteras.pe\/ingles\/wp-json\/wp\/v2\/tags?post=3597"}],"curies":[{"name":"wp","href":"https:\/\/api.w.org\/{rel}","templated":true}]}}