{"id":3599,"date":"2021-05-05T16:45:03","date_gmt":"2021-05-05T21:45:03","guid":{"rendered":"http:\/\/derechosinfronteras.pe\/?p=7474"},"modified":"2021-05-05T16:45:03","modified_gmt":"2021-05-05T21:45:03","slug":"ante-la-alarmante-situacion-del-acoso-politico-consejo-regional-aprueba-ordenanza-para-prevenirlo-y-sancionarlo","status":"publish","type":"post","link":"https:\/\/derechosinfronteras.pe\/ingles\/ante-la-alarmante-situacion-del-acoso-politico-consejo-regional-aprueba-ordenanza-para-prevenirlo-y-sancionarlo\/","title":{"rendered":"Ante la alarmante situaci\u00f3n del acoso pol\u00edtico, Consejo Regional aprueba ordenanza para prevenirlo y sancionarlo"},"content":{"rendered":"<p>Redacci\u00f3n DHSF<\/p>\n<p>Distintas reacciones generaron la reciente aprobaci\u00f3n de la ordenanza regional que previene y sanciona el acoso pol\u00edtico en la regi\u00f3n Cusco. La partici\u00f3n pol\u00edtica de la mujer, muchas veces, ha sido limitada por las manifestaciones de acoso pol\u00edtico como la difamaci\u00f3n, persecuci\u00f3n, presi\u00f3n, hostigamiento, propuestas de naturaleza sexual, violencia, amenaza e intimidaci\u00f3n. Ello tambi\u00e9n afecta a las mujeres que viven en zonas rurales, mujeres que deciden participar en los espacios de toma de decisi\u00f3n de su comunidad.<\/p>\n<p>La consejera regional Mar\u00eda Becerra, quien promovi\u00f3 esta ordenanza, hizo hincapi\u00e9 que \u201cesta lucha no termina aqu\u00ed, pues hay que hacerle seguimiento para su cumplimiento\u201d.<\/p>\n<p>Por su parte, \u201cLa situaci\u00f3n actual del acoso pol\u00edtico es terrible, en Cusco, hay municipalidades con casos de acoso pol\u00edtico\u201d Manifest\u00f3, Serly Figueroa integrante de la Asociaci\u00f3n de Mujeres Autoridades. Tambi\u00e9n hizo referencia a la ley N\u00b0 31155 que previene y sanciona el acoso\u00a0contra las mujeres en la vida pol\u00edtica\u00a0, la cual -seg\u00fan ella- \u201ces totalmente declarativa y de dif\u00edcil cumplimiento\u201d. Por eso es necesario exigir que las normas se implementen y cumplan. Que no sean, solamente, aprobadas y olvidadas.<\/p>\n<p>La ordenanza, presentada el 12 de diciembre del 2019 y aprobada el lunes 3 de mayo, tiene como objetivo reconocer el acoso pol\u00edtico como una expresi\u00f3n de la violencia de genero hacia las mujeres de urgente atenci\u00f3n, estableciendo mecanismos para la prevenci\u00f3n, sanci\u00f3n y erradicaci\u00f3n del acoso pol\u00edtico hacia las mujeres que son parte de la vida pol\u00edtica de la regi\u00f3n cusco.<\/p>\n<p>El Consejo Regional ser\u00e1 el encargado de realizar las investigaciones de las denuncias, por acoso pol\u00edtico, de funcionarios o servidores p\u00fablicos que laboren en el Gobierno Regional del Cusco. Aunque tambi\u00e9n lo puede realizar el consejero regional de forma individual.<\/p>\n<p>Por otro lado, si un funcionario regional es responsable de acoso pol\u00edtico, se tramitar\u00e1 su interpelaci\u00f3n y recomendaci\u00f3n de retiro de confianza y si el consejero regional es responsable ser\u00e1 considerado acto de indisciplina o causal de suspensi\u00f3n, dependiendo de la gravedad del hecho.<\/p>\n<p>Adem\u00e1s, se dispuso la Implementaci\u00f3n de un Plan Regional de Prevenci\u00f3n, Atenci\u00f3n y Sanci\u00f3n del Acoso Pol\u00edtico y de Registro de Casos a Nivel Regional, dise\u00f1o de implementaci\u00f3n de campa\u00f1as de difusi\u00f3n y de sensibilizaci\u00f3n, la creaci\u00f3n de un Subgrupo de Trabajo sobre Acoso Pol\u00edtico en la Instancia Regional de Concertaci\u00f3n y la \u00a0incorporaci\u00f3n de programas de desarrollo de capacidades dirigidos a mujeres lideresas y autoridades sobre temas referidos a gesti\u00f3n p\u00fablica, democracia, derechos humanos, entre otros, en el Plan de Trabajo Anual de la Gerencia Regional de Desarrollo Social.<\/p>\n<p><strong>\u00c1mbito de aplicaci\u00f3n: <\/strong><\/p>\n<ol>\n<li>Mujeres autoridades acreditadas por el Jurado Nacional de Elecciones (JNE), Mujeres electas para el ejercicio de cargos pol\u00edticos por elecci\u00f3n popular, funcionarias que, por designaci\u00f3n, desempe\u00f1an cargos pol\u00edticos en funciones ejecutivas en los niveles regional o local.<\/li>\n<li>Autoridades comunales, autoridades mujeres de los Centros Poblados, mujeres que desempe\u00f1an cargo pol\u00edtico de representaci\u00f3n en los niveles regionales o local, mujeres elegidas para el ejercicio de cargos directivos de las organizaciones pol\u00edticas y militantes y candidatas a cargos pol\u00edticos.<\/li>\n<li>Representantes oficiales de organizaciones pol\u00edticas, sindicales, organizaciones sociales de base, de colegios profesionales, de organizaciones estudiantiles o juveniles, de organizaciones ind\u00edgenas, amaz\u00f3nicas y andinas, y de otras organizaciones sociales, sean o no personas jur\u00eddicas sin fines de lucro.<\/li>\n<\/ol>\n<p><strong>Participaci\u00f3n de las mujeres <\/strong><\/p>\n<p>Seg\u00fan un gr\u00e1fico presentado por la escuela de Formaci\u00f3n Pol\u00edtica Cusco, a septiembre de 2020, hay 34 congresistas mujeres, 5 vicegobernadoras Regionales, 63 consejeras regionales, 9 alcaldesas provinciales, 453 regidoras provinciales de 1764, 84 alcaldesas distritales, 2733 regidoras distritales y 0 gobernadoras regionales.<\/p>\n<p>&nbsp;<\/p>","protected":false},"excerpt":{"rendered":"<p>Redacci\u00f3n DHSF Distintas reacciones generaron la reciente aprobaci\u00f3n de la ordenanza regional que previene y sanciona el acoso pol\u00edtico en la regi\u00f3n Cusco. La partici\u00f3n pol\u00edtica de la mujer, muchas veces, ha sido limitada por las manifestaciones de acoso pol\u00edtico como la difamaci\u00f3n, persecuci\u00f3n, presi\u00f3n, hostigamiento, propuestas de naturaleza sexual, violencia, amenaza e intimidaci\u00f3n. Ello [&hellip;]<\/p>\n","protected":false},"author":1,"featured_media":3600,"comment_status":"open","ping_status":"open","sticky":false,"template":"","format":"standard","meta":{"_monsterinsights_skip_tracking":false,"_monsterinsights_sitenote_active":false,"_monsterinsights_sitenote_note":"","_monsterinsights_sitenote_category":0,"_jetpack_memberships_contains_paid_content":false,"footnotes":"","jetpack_publicize_message":"","jetpack_publicize_feature_enabled":true,"jetpack_social_post_already_shared":false,"jetpack_social_options":{"image_generator_settings":{"template":"highway","default_image_id":0,"font":"","enabled":false},"version":2}},"categories":[1],"tags":[],"class_list":["post-3599","post","type-post","status-publish","format-standard","has-post-thumbnail","hentry","category-sin-categoria"],"blocksy_meta":[],"jetpack_publicize_connections":[],"jetpack_featured_media_url":"https:\/\/derechosinfronteras.pe\/wp-content\/uploads\/2021\/05\/01-poli.jpg","jetpack_sharing_enabled":true,"jetpack_likes_enabled":true,"_links":{"self":[{"href":"https:\/\/derechosinfronteras.pe\/ingles\/wp-json\/wp\/v2\/posts\/3599","targetHints":{"allow":["GET"]}}],"collection":[{"href":"https:\/\/derechosinfronteras.pe\/ingles\/wp-json\/wp\/v2\/posts"}],"about":[{"href":"https:\/\/derechosinfronteras.pe\/ingles\/wp-json\/wp\/v2\/types\/post"}],"author":[{"embeddable":true,"href":"https:\/\/derechosinfronteras.pe\/ingles\/wp-json\/wp\/v2\/users\/1"}],"replies":[{"embeddable":true,"href":"https:\/\/derechosinfronteras.pe\/ingles\/wp-json\/wp\/v2\/comments?post=3599"}],"version-history":[{"count":0,"href":"https:\/\/derechosinfronteras.pe\/ingles\/wp-json\/wp\/v2\/posts\/3599\/revisions"}],"wp:featuredmedia":[{"embeddable":true,"href":"https:\/\/derechosinfronteras.pe\/ingles\/wp-json\/wp\/v2\/media\/3600"}],"wp:attachment":[{"href":"https:\/\/derechosinfronteras.pe\/ingles\/wp-json\/wp\/v2\/media?parent=3599"}],"wp:term":[{"taxonomy":"category","embeddable":true,"href":"https:\/\/derechosinfronteras.pe\/ingles\/wp-json\/wp\/v2\/categories?post=3599"},{"taxonomy":"post_tag","embeddable":true,"href":"https:\/\/derechosinfronteras.pe\/ingles\/wp-json\/wp\/v2\/tags?post=3599"}],"curies":[{"name":"wp","href":"https:\/\/api.w.org\/{rel}","templated":true}]}}