{"id":3601,"date":"2021-05-04T21:31:49","date_gmt":"2021-05-05T02:31:49","guid":{"rendered":"http:\/\/derechosinfronteras.pe\/?p=7467"},"modified":"2021-05-04T21:31:49","modified_gmt":"2021-05-05T02:31:49","slug":"un-gran-avance-ejecutivo-promulga-ley-para-fortalecer-la-prevencion-mitigacion-y-atencion-de-salud-afectada-por-metales-pesados","status":"publish","type":"post","link":"https:\/\/derechosinfronteras.pe\/ingles\/un-gran-avance-ejecutivo-promulga-ley-para-fortalecer-la-prevencion-mitigacion-y-atencion-de-salud-afectada-por-metales-pesados\/","title":{"rendered":"\u00a1Un gran avance!: Ejecutivo promulga ley para fortalecer atenci\u00f3n en salud de las personas afectadas por metales pesados"},"content":{"rendered":"<p>Redacci\u00f3n DHSF<\/p>\n<p>Tras largos a\u00f1os de lucha constante de la sociedad civil organizada, el Ejecutivo public\u00f3 hoy la ley para fortalecer la prevenci\u00f3n, mitigaci\u00f3n y atenci\u00f3n de la salud afectada por la contaminaci\u00f3n con metales pesados y otras sustancias qu\u00edmicas (Ley N\u00b0 31189).<\/p>\n<p>El objetivo es fortalecer la prevenci\u00f3n, mitigaci\u00f3n y atenci\u00f3n de la salud afectada por la contaminaci\u00f3n con metales pesados y otras sustancias qu\u00edmicas.<\/p>\n<p>La norma dispone la incorporaci\u00f3n de la prevenci\u00f3n, mitigaci\u00f3n y atenci\u00f3n de la salud como enfoques en la formulaci\u00f3n y ejecuci\u00f3n de pol\u00edticas p\u00fablicas en salud, y en materia ambiental, tanto a nivel nacional y que refuerce el alcance a nivel regional y local.<\/p>\n<p>Adem\u00e1s, la Presidencial del Consejo de Ministros y Ministerio de Salud (Minsa) tendr\u00e1 como funci\u00f3n definir los actores y los mecanismos de articulaci\u00f3n intersectorial e intergubernamental para la incorporaci\u00f3n de la prevenci\u00f3n, mitigaci\u00f3n y atenci\u00f3n a la salud en los planes y programas a cargo de los sectores competentes, as\u00ed como en los gobiernos regionales y locales.<\/p>\n<p>Por su parte, el Minsa ser\u00e1 responsable de elaborar y actualizar los protocolos de atenci\u00f3n e instrumentos t\u00e9cnicos para la prevenci\u00f3n, mitigaci\u00f3n y atenci\u00f3n de la salud afectada por la contaminaci\u00f3n con metales pesados y otras sustancias qu\u00edmicas, resaltando la importancia de este art\u00edculo ya que los instrumentos para el diagn\u00f3stico cl\u00ednico se encuentran desactualizados inclusive desde hace m\u00e1s de 10 a\u00f1os.<\/p>\n<p>Del mismo modo, implementar\u00e1 y actualizar\u00e1 el Registro Nacional de Personas Afectadas en la Salud por Contaminaci\u00f3n con Metales Pesados y Otras Sustancias Qu\u00edmicas. Esto con el fin de organizar el sistema de atenci\u00f3n sobre esta materia, que brinde mayor conocimiento sobre su incidencia, prevalencia y dem\u00e1s informaci\u00f3n relevante en cada \u00e1rea geogr\u00e1fica que se produzca, as\u00ed como los niveles de afectaci\u00f3n en la salud.<\/p>\n<p><strong>REACCIONES<\/strong><\/p>\n<p>Esta noticia fue bien recibida por el excongresista Oracio Pacori Mamani y actual director ejecutivo de Derechos Humanos Sin Fronteras, quien present\u00f3 el Proyecto de Ley N\u00b0 2740, el cual fue base para que se aprobar\u00e1 por unanimidad, el pasado 30 de marzo, el Dictamen 21-2017-2018 \/CSP-CR que propone Fortalecer la Promoci\u00f3n, Prevenci\u00f3n, Mitigaci\u00f3n y Atenci\u00f3n y rehabilitaci\u00f3n de la Salud Afectada por la Contaminaci\u00f3n con Metales Pesados y otras Sustancias Qu\u00edmicas.<\/p>\n<p>\u201cHay que ver c\u00f3mo se va a reglamentar e implementar esta ley. Hay una tarea pendiente e importante para el Estado\u201d, expres\u00f3. Precisamente, el Ejecutivo deber\u00e1 aprobar el reglamento de la ley dentro del plazo de 90 d\u00edas calendario, contados a partir de hoy.<\/p>\n<p>Pacori tambi\u00e9n precis\u00f3 que la norma promueve una atenci\u00f3n intergubernamental entre gobierno central, gobiernos regionales y locales. \u201cLa ley dice con claridad que todos los sectores, principalmente salud, tiene que considerar como pol\u00edtica la atenci\u00f3n a las y los afectados por metales pesados\u201d, dijo.<\/p>\n<p>De manera operativa, seg\u00fan consider\u00f3, la ley dispone la creaci\u00f3n de un registro de afectadas y afectados por metales pesados que permitir\u00e1 saber con exactitud el n\u00famero de personas afectadas. \u201cCon esta ley se ratifica que la afectaci\u00f3n por metales pesados es un problema de salud p\u00fablica\u201d, subray\u00f3.<\/p>\n<p>De acuerdo al Informe Especial N\u00b0 060-2020-JAMC-DENOT-DGIESP\/MINSA, hay m\u00e1s de 10 millones de personas expuestas a metales, metaloides y otras sustancias qu\u00edmicas t\u00f3xicas en el pa\u00eds.<\/p>\n<p>En la provincia de Espinar, por ejemplo, se han analizado a 1621 personas, de este grupo el 90 % tiene, al menos, un t\u00f3xico [1] en el organismo, as\u00ed lo inform\u00f3 la Blga. Karem Luque, coordinadora nacional de la Mesa T\u00e9cnica de Salud Ambiental y Humana. Asimismo, para ella esta promulgaci\u00f3n ser\u00eda parte de una serie de logros de la lucha organizada de diversos territorios que exigen desde hace d\u00e9cadas atenci\u00f3n a la salud, donde Espinar es parte. Finalmente, resalt\u00f3 que esta ley fortalece y permite fundamentar con mayor \u00e9nfasis la Pol\u00edtica Nacional de Atenci\u00f3n a la poblaci\u00f3n afectada por metales, metaloides y otras sustancias qu\u00edmicas t\u00f3xicas para garantizar su ejecuci\u00f3n y darle alg\u00fan nivel de respuesta a territorios expuestas a estos t\u00f3xicos.<\/p>\n<p>Es necesario resaltar que el Proyecto de Ley N\u00b0 1256\/2016 y Ley N\u00b0 2740\/2017, los cuales fueron claves para generar el Dictamen 21-2017-2018\/CSP-CR, tambi\u00e9n dar\u00e1 un soporte legal y jur\u00eddico a la sentencia que fue confirmada a inicios de este a\u00f1o por el Poder Judicial, el cual ordena al Minsa atender a las comunidades afectadas de Espinar por la ingesta de metales pesados en sus cuerpos, lo cual afecta la vida, la salud y la integridad f\u00edsica.<\/p>\n<p>Derechos Humanos Sin Fronteras, que integra y coordina la Mesa T\u00e9cnica de Salud Ambiental y Humana, saluda la publicaci\u00f3n de Ley N\u00b0 31189 y hace un llamado a la sociedad civil a mantener vigilante para su reglamentaci\u00f3n e implementaci\u00f3n en beneficio de la poblaci\u00f3n afectada por metales pesados y otras sustancias qu\u00edmicas.<\/p>\n<p><em>\u00a0[1] Ars\u00e9nico, Cadmio, Mercurio, Plomo, entre otros elementos que generan gran impacto en la salud.<\/em><\/p>\n<p>&nbsp;<\/p>\n<p>&nbsp;<\/p>\n","protected":false},"excerpt":{"rendered":"<p>Redacci\u00f3n DHSF Tras largos a\u00f1os de lucha constante de la sociedad civil organizada, el Ejecutivo public\u00f3 hoy la ley para fortalecer la prevenci\u00f3n, mitigaci\u00f3n y atenci\u00f3n de la salud afectada por la contaminaci\u00f3n con metales pesados y otras sustancias qu\u00edmicas (Ley N\u00b0 31189). El objetivo es fortalecer la prevenci\u00f3n, mitigaci\u00f3n y atenci\u00f3n de la salud [&hellip;]<\/p>\n","protected":false},"author":1,"featured_media":3602,"comment_status":"open","ping_status":"open","sticky":false,"template":"","format":"standard","meta":{"_monsterinsights_skip_tracking":false,"_monsterinsights_sitenote_active":false,"_monsterinsights_sitenote_note":"","_monsterinsights_sitenote_category":0,"_jetpack_memberships_contains_paid_content":false,"footnotes":"","jetpack_publicize_message":"","jetpack_publicize_feature_enabled":true,"jetpack_social_post_already_shared":false,"jetpack_social_options":{"image_generator_settings":{"template":"highway","default_image_id":0,"font":"","enabled":false},"version":2}},"categories":[1],"tags":[],"class_list":["post-3601","post","type-post","status-publish","format-standard","has-post-thumbnail","hentry","category-sin-categoria"],"blocksy_meta":[],"jetpack_publicize_connections":[],"jetpack_featured_media_url":"https:\/\/derechosinfronteras.pe\/wp-content\/uploads\/2021\/05\/nota-ley-metales-pesados.jpg","jetpack_sharing_enabled":true,"jetpack_likes_enabled":true,"_links":{"self":[{"href":"https:\/\/derechosinfronteras.pe\/ingles\/wp-json\/wp\/v2\/posts\/3601","targetHints":{"allow":["GET"]}}],"collection":[{"href":"https:\/\/derechosinfronteras.pe\/ingles\/wp-json\/wp\/v2\/posts"}],"about":[{"href":"https:\/\/derechosinfronteras.pe\/ingles\/wp-json\/wp\/v2\/types\/post"}],"author":[{"embeddable":true,"href":"https:\/\/derechosinfronteras.pe\/ingles\/wp-json\/wp\/v2\/users\/1"}],"replies":[{"embeddable":true,"href":"https:\/\/derechosinfronteras.pe\/ingles\/wp-json\/wp\/v2\/comments?post=3601"}],"version-history":[{"count":0,"href":"https:\/\/derechosinfronteras.pe\/ingles\/wp-json\/wp\/v2\/posts\/3601\/revisions"}],"wp:featuredmedia":[{"embeddable":true,"href":"https:\/\/derechosinfronteras.pe\/ingles\/wp-json\/wp\/v2\/media\/3602"}],"wp:attachment":[{"href":"https:\/\/derechosinfronteras.pe\/ingles\/wp-json\/wp\/v2\/media?parent=3601"}],"wp:term":[{"taxonomy":"category","embeddable":true,"href":"https:\/\/derechosinfronteras.pe\/ingles\/wp-json\/wp\/v2\/categories?post=3601"},{"taxonomy":"post_tag","embeddable":true,"href":"https:\/\/derechosinfronteras.pe\/ingles\/wp-json\/wp\/v2\/tags?post=3601"}],"curies":[{"name":"wp","href":"https:\/\/api.w.org\/{rel}","templated":true}]}}