{"id":3603,"date":"2021-04-30T19:38:28","date_gmt":"2021-05-01T00:38:28","guid":{"rendered":"http:\/\/derechosinfronteras.pe\/?p=7462"},"modified":"2021-04-30T19:38:28","modified_gmt":"2021-05-01T00:38:28","slug":"mesas-de-dialogo-situacion-actual-en-espinar-y-chumbivilcas","status":"publish","type":"post","link":"https:\/\/derechosinfronteras.pe\/ingles\/mesas-de-dialogo-situacion-actual-en-espinar-y-chumbivilcas\/","title":{"rendered":": Mesas de di\u00e1logo: situaci\u00f3n actual en Espinar y Chumbivilcas"},"content":{"rendered":"<p>Redacci\u00f3n DHSF<\/p>\n<p>Las provincias de Espinar y Chumbivilcas, en la regi\u00f3n Cusco, forman parte del Corredor Minero del Sur, un territorio de alta conflictividad socioambiental. El Gobierno nacional instal\u00f3 mesas de di\u00e1logo para evitar que las protestas impidan el desarrollo de las actividades mineras de Antapaccay Glencore, Hudbay y MMG Las Bambas.<\/p>\n<p>Una mesa de di\u00e1logo, en contexto de conflictividad socioambiental, es un \u201cinstrumento que permite solucionar los problemas ambientales, permite discutir y debatir aquello que est\u00e1 afectando a la poblaci\u00f3n. Estos espacios se crean cuando hay un conflicto social\u201d, se\u00f1ala el abogado Helio Cruz.<\/p>\n<p>Seg\u00fan el Programa de Apoyo para una Cultura de Paz y el fortalecimiento de capacidades nacionales para la Prevenci\u00f3n y el manejo constructivo de Conflictos, un proceso de di\u00e1logo tiene probablemente como su espacio m\u00e1s simb\u00f3lico y significativo la mesa de di\u00e1logo, que debe ser horizontal, participativo y a su vez estar integrado por actores del m\u00e1s alto nivel.<\/p>\n<p>Las mesas est\u00e1n conformadas por representantes del Estado, Presidencia del Consejo de Ministros, ministerios, organizaciones sociales y poblaciones afectadas, cuyos voceros son los frentes de defensa, comit\u00e9s de lucha, organizaci\u00f3n comunal, etc.).<\/p>\n<p>Actualmente, la provincia de Espinar tiene instalada la Mesa de Di\u00e1logo por el Desarrollo de Espinar, mientras que en Chumbivilcas se han instalado estos espacios en cuatro distritos.<\/p>\n<p><strong>Espinar<\/strong><\/p>\n<p>La mesa de di\u00e1logo en Espinar se suspende y se retoma; las autoridades, la empresa minera y las Organizaciones Sociales no llegan a un consenso.<\/p>\n<p>El jueves 29 de abril, la sociedad civil de Espinar emiti\u00f3 una carta solicitando que se reconozca la lucha y la plataforma de demandas incorporado en los seis subgrupos de trabajo: reformulaci\u00f3n del Convenio Marco, salud, afectaci\u00f3n de metales t\u00f3xicos y contaminaci\u00f3n ambiental, corredor minero, justicia y derechos humanos y proyecto integraci\u00f3n Coroccohuayco. Tambi\u00e9n, solicitan que se desarrolle un cronograma espec\u00edfico para cada subgrupo de trabajo y que el di\u00e1logo sea presencial.<\/p>\n<p>Como segundo punto, las organizaciones sociales de base desautorizaron al alcalde provincial y distrital como voceros y representantes de Espinar ante la mesa de di\u00e1logo. As\u00ed mismo, afirman que en caso el Estado vuelva a ignorar el memorial y no atienda los pedidos proceder\u00e1n a retirarse de dicha mesa.<\/p>\n<p>\u201cEn Espinar nos quieren someter a una mesa de di\u00e1logo que no recoge las demandas del pueblo, y si el Estado se sigue haciendo sordo y ciego a los memoriales y cartas que enviamos, no queda otra que retirarnos\u201d, manifest\u00f3 el presidente del Comit\u00e9 de Lucha Provincial de Espinar, Rolando Condori.<\/p>\n<p>En esta provincia trabaj\u00f3 la minera Xstrata Tintaya, cuya explotaci\u00f3n de cobre termin\u00f3 el 2012. Sin embargo, ese mismo a\u00f1o, la empresa Glencore inici\u00f3 un nuevo proyecto denominado Antapaccay, que actualmente est\u00e1 instalada en la capital Yauri.<\/p>\n<p><strong>Chumbivilcas<\/strong><\/p>\n<p>En Chumbivilcas, a diferencia de Espinar, cada distrito se ha organizado para instalar mesas de di\u00e1logo y poner en agenda los efectos que tiene la producci\u00f3n minera. Las mesas han sido instaladas en cuatro distritos Velille, Chamaca Livitaca y Ccapacmarca, y en la misma provincia. Actualmente, la mesa de di\u00e1logo de Livitaca est\u00e1 en proceso de negociaci\u00f3n, mientras que las dem\u00e1s en implementaci\u00f3n.<\/p>\n<p><strong>\u00bfPor qu\u00e9 surgen los conflictos?<\/strong><\/p>\n<p>Seg\u00fan el antrop\u00f3logo Timoteo Casta\u00f1eda, \u201cno existe una pol\u00edtica sobre mesas de di\u00e1logo, no hay una sola ley que haga que las mesas de di\u00e1logo sean obligatorias y no hay una norma de car\u00e1cter obligatorio y vinculante\u201d. Ello genera que estas terminen siendo suspendidas sin llegar a un acuerdo como en el caso de la Mesa de Di\u00e1logo por el Desarrollo de Espinar.<\/p>\n<p>\u201cLas mesas de di\u00e1logo desde el punto de vista del Estado son espacios para apaciguar los reclamos, mientras que para la poblaci\u00f3n son espacios de negociaci\u00f3n sobre las distintas demandas. Si las perspectivas del Estado son diferentes a la poblaci\u00f3n, los resultados no se visibilizan, no ser\u00e1n concretos o no ayudan a resolver el problema de conflictividad socioambiental\u201d, se\u00f1al\u00f3 el abogado Helio Cruz.<\/p>\n<p>La pandemia de la COVID- 19 tambi\u00e9n ha significado que estos espacios de discusi\u00f3n sean postergados. En Espinar se realizaron mesas de di\u00e1logo de forma presencial y semipresencial. Mientras que en Chumbivilcas fue imposible realizar una mesa de di\u00e1logo debido a la se\u00f1al de internet inestable. Por otro lado, el Estado a trav\u00e9s de Senace ha permitido que se desarrollen acciones de participaci\u00f3n ciudadana y consulta previa de forma virtual, situaci\u00f3n que ha sido criticada y observada.<\/p>\n<p>&nbsp;<\/p>","protected":false},"excerpt":{"rendered":"<p>Redacci\u00f3n DHSF Las provincias de Espinar y Chumbivilcas, en la regi\u00f3n Cusco, forman parte del Corredor Minero del Sur, un territorio de alta conflictividad socioambiental. El Gobierno nacional instal\u00f3 mesas de di\u00e1logo para evitar que las protestas impidan el desarrollo de las actividades mineras de Antapaccay Glencore, Hudbay y MMG Las Bambas. Una mesa de [&hellip;]<\/p>\n","protected":false},"author":1,"featured_media":3604,"comment_status":"open","ping_status":"open","sticky":false,"template":"","format":"standard","meta":{"_monsterinsights_skip_tracking":false,"_monsterinsights_sitenote_active":false,"_monsterinsights_sitenote_note":"","_monsterinsights_sitenote_category":0,"_jetpack_memberships_contains_paid_content":false,"footnotes":"","jetpack_publicize_message":"","jetpack_publicize_feature_enabled":true,"jetpack_social_post_already_shared":false,"jetpack_social_options":{"image_generator_settings":{"template":"highway","default_image_id":0,"font":"","enabled":false},"version":2}},"categories":[1],"tags":[],"class_list":["post-3603","post","type-post","status-publish","format-standard","has-post-thumbnail","hentry","category-sin-categoria"],"blocksy_meta":[],"jetpack_publicize_connections":[],"jetpack_featured_media_url":"https:\/\/derechosinfronteras.pe\/wp-content\/uploads\/2021\/04\/plantilla-notas-web-Recuperado.jpg","jetpack_sharing_enabled":true,"jetpack_likes_enabled":true,"_links":{"self":[{"href":"https:\/\/derechosinfronteras.pe\/ingles\/wp-json\/wp\/v2\/posts\/3603","targetHints":{"allow":["GET"]}}],"collection":[{"href":"https:\/\/derechosinfronteras.pe\/ingles\/wp-json\/wp\/v2\/posts"}],"about":[{"href":"https:\/\/derechosinfronteras.pe\/ingles\/wp-json\/wp\/v2\/types\/post"}],"author":[{"embeddable":true,"href":"https:\/\/derechosinfronteras.pe\/ingles\/wp-json\/wp\/v2\/users\/1"}],"replies":[{"embeddable":true,"href":"https:\/\/derechosinfronteras.pe\/ingles\/wp-json\/wp\/v2\/comments?post=3603"}],"version-history":[{"count":0,"href":"https:\/\/derechosinfronteras.pe\/ingles\/wp-json\/wp\/v2\/posts\/3603\/revisions"}],"wp:featuredmedia":[{"embeddable":true,"href":"https:\/\/derechosinfronteras.pe\/ingles\/wp-json\/wp\/v2\/media\/3604"}],"wp:attachment":[{"href":"https:\/\/derechosinfronteras.pe\/ingles\/wp-json\/wp\/v2\/media?parent=3603"}],"wp:term":[{"taxonomy":"category","embeddable":true,"href":"https:\/\/derechosinfronteras.pe\/ingles\/wp-json\/wp\/v2\/categories?post=3603"},{"taxonomy":"post_tag","embeddable":true,"href":"https:\/\/derechosinfronteras.pe\/ingles\/wp-json\/wp\/v2\/tags?post=3603"}],"curies":[{"name":"wp","href":"https:\/\/api.w.org\/{rel}","templated":true}]}}