{"id":3605,"date":"2021-04-23T18:38:31","date_gmt":"2021-04-23T23:38:31","guid":{"rendered":"http:\/\/derechosinfronteras.pe\/?p=7458"},"modified":"2021-04-23T18:38:31","modified_gmt":"2021-04-23T23:38:31","slug":"lideresas-de-espinar-chumbivilcas-y-paruro-rechazan-a-keiko-fujimori","status":"publish","type":"post","link":"https:\/\/derechosinfronteras.pe\/ingles\/lideresas-de-espinar-chumbivilcas-y-paruro-rechazan-a-keiko-fujimori\/","title":{"rendered":"Lideresas de Espinar, Chumbivilcas y Paruro rechazan a Keiko Fujimori"},"content":{"rendered":"<p><span style=\"font-weight: 400;\">Redacci\u00f3n DHSF<\/span><\/p>\n<p><span style=\"font-weight: 400;\">Nos situamos en un escenario de incertidumbre con intelectuales llamando a votar, analistas que avizoran un destino fatal, electores que defienden su postura a rega\u00f1adientes como si estuvi\u00e9semos ante una guerra de ideolog\u00edas y de clases sociales.\u00a0<\/span><\/p>\n<p><span style=\"font-weight: 400;\">Hoy, el discurso de \u201c\u00bfC\u00f3mo es posible que votes por \u00e9l?, \u00bfJam\u00e1s votar\u00eda por ella?&#8230;\u201d Tal vez sean parte de\u00a0 discusiones matutinas, de almuerzo, de conversaci\u00f3n con amigos, pareja o familiares. Sin embargo, nos hemos preguntado: \u00bfQu\u00e9\u00a0 piensan las comunidades m\u00e1s lejanas?, aquellas ubicadas en las zonas rurales, aquellas que se encuentran en espacios de conflicto minero, las que luchan por disminuir los niveles de violencia, las que piden la construcci\u00f3n de una casa refugio para las v\u00edctimas de violencia o las que esperan generar ingresos propios para acceder a una mejor educaci\u00f3n, servicios de salud y calidad de vida en general.<\/span><\/p>\n<p><span style=\"font-weight: 400;\">Actualmente, al 100 % de actas procesadas por la Oficina Nacional de Procesos Electorales(ONPE), los candidatos que pasan a la segunda vuelta son Pedro Castillo (Per\u00fa Libre) y Keiko Fujimori (Fuerza Popular).\u00a0<\/span><\/p>\n<p>&nbsp;<\/p>\n<p><span style=\"font-weight: 400;\">ZONAS ALTOANDINAS\u00a0<\/span><\/p>\n<p><span style=\"font-weight: 400;\">Espinar es una provincia ubicada en el corredor minero del Sur cuyo problema principal son los impactos generados por la miner\u00eda como la afectaci\u00f3n a la salud por metales pesados. Elsa Merma Ccahua, integrante Asociaci\u00f3n de Mujeres Defensoras del Territorio y Cultura K\u2019ana, respecto a la candidata <\/span><span style=\"font-weight: 400;\">Keiko Fujimori <\/span><span style=\"font-weight: 400;\">manifiesta:\u00a0 \u201cMe decepciona, tambi\u00e9n me da rabia, las cosas negativas que ha tra\u00eddo y ha enraizado la corrupci\u00f3n con toda su bancada del Congreso. Tambi\u00e9n ha institucionalizado la corrupci\u00f3n, para nosotros es un dolor, por eso aqu\u00ed en Espinar no la apoyamos. Tambi\u00e9n porque estamos afectados por la empresa minera y ellos est\u00e1n a favor de las empresas mineras\u201d.<\/span><\/p>\n<p><span style=\"font-weight: 400;\">\u201cNosotras estamos en proceso con su pap\u00e1, yo no puedo votar por ella\u201d, menciona <\/span><span style=\"font-weight: 400;\">In\u00e9s Condori Anaya, presidenta de la Asociaci\u00f3n de Mujeres V\u00edctimas de Esterilizaciones Forzadas de Chumbivilcas<\/span><span style=\"font-weight: 400;\">. En el gobierno de Alberto Fujimori fueron esterilizadas sin su consentimiento y hasta ahora, tras m\u00e1s de 20 a\u00f1os, siguen exigiendo justicia, verdad y reparaci\u00f3n integral.<\/span><\/p>\n<p><span style=\"font-weight: 400;\">\u201cYo no estoy segura de Keiko Fujimori, porque quiere sacar de la c\u00e1rcel a su pap\u00e1 a pesar de que est\u00e1 en la c\u00e1rcel porque es culpable y est\u00e1 pagando sus penas\u201d, refiere la presidenta de la Organizaci\u00f3n de Mujeres <\/span><span style=\"font-weight: 400;\">Munay T\u2019ica de la provincia de Paruro, Mar\u00eda Elena Ramos Quispe.\u00a0<\/span><\/p>\n<p>&nbsp;<\/p>\n<p><span style=\"font-weight: 400;\">CANDIDATOS ELECTOS AL CONGRESO DE LA REP\u00daBLICA POR LA REGI\u00d3N DEL CUSCO<\/span><\/p>\n<p><span style=\"font-weight: 400;\">\u201cHay veces en estos tiempos ya no es para creer porque los congresistas solo nos han tra\u00eddo traici\u00f3n, al trabajar no se recuerdan de su tierra\u201d, contin\u00faa Mar\u00eda Elena.<\/span><\/p>\n<p><span style=\"font-weight: 400;\">En Cusco, se han elegido a los 5 candidatos que nos representar\u00e1n en el Congreso de la Rep\u00fablica, ellos son <\/span><span style=\"font-weight: 400;\">Guido Bellido Ugarte (Per\u00fa Libre), Jhakeline Katy Ugarte Mamani (Per\u00fa Libre), Alejandro Soto Reyes (Alianza para el Progreso), Ruth Luque Ibarra (Juntos por el Per\u00fa) y Luis \u00c1ngel Arag\u00f3n Carre\u00f1o (Acci\u00f3n Popular).<\/span><\/p>\n<p><span style=\"font-weight: 400;\">Estos \u00faltimos a\u00f1os hemos sido testigos del enfrentamiento entre el Ejecutivo y el Congreso. Esta historia podr\u00eda repetirse para el periodo 2021-2026. Seg\u00fan la ONPE, <\/span><span style=\"font-weight: 400;\">\u00a0diez bancadas formar\u00e1n el parlamento, es decir, nuevamente tendremos un congreso fragmentado.\u00a0<\/span><\/p>\n<p><span style=\"font-weight: 400;\">Frente a esta situaci\u00f3n, Mar\u00eda Elena pide a los congresistas electos no dar la espalda a la agenda de las mujeres rurales como derecho a la educaci\u00f3n, econom\u00eda, vivir sin violencia, entre otros derechos fundamentales. \u201cNosotras queremos que se comprometan y que no promuevan\u00a0 leyes que est\u00e1n en contra de las campesinas\u201d.<\/span><\/p>","protected":false},"excerpt":{"rendered":"<p>Redacci\u00f3n DHSF Nos situamos en un escenario de incertidumbre con intelectuales llamando a votar, analistas que avizoran un destino fatal, electores que defienden su postura a rega\u00f1adientes como si estuvi\u00e9semos ante una guerra de ideolog\u00edas y de clases sociales.\u00a0 Hoy, el discurso de \u201c\u00bfC\u00f3mo es posible que votes por \u00e9l?, \u00bfJam\u00e1s votar\u00eda por ella?&#8230;\u201d Tal [&hellip;]<\/p>\n","protected":false},"author":1,"featured_media":3606,"comment_status":"open","ping_status":"open","sticky":false,"template":"","format":"standard","meta":{"_monsterinsights_skip_tracking":false,"_monsterinsights_sitenote_active":false,"_monsterinsights_sitenote_note":"","_monsterinsights_sitenote_category":0,"_jetpack_memberships_contains_paid_content":false,"footnotes":"","jetpack_publicize_message":"","jetpack_publicize_feature_enabled":true,"jetpack_social_post_already_shared":false,"jetpack_social_options":{"image_generator_settings":{"template":"highway","default_image_id":0,"font":"","enabled":false},"version":2}},"categories":[1],"tags":[],"class_list":["post-3605","post","type-post","status-publish","format-standard","has-post-thumbnail","hentry","category-sin-categoria"],"blocksy_meta":[],"jetpack_publicize_connections":[],"jetpack_featured_media_url":"https:\/\/derechosinfronteras.pe\/wp-content\/uploads\/2021\/04\/congresistas-compromiso.jpg","jetpack_sharing_enabled":true,"jetpack_likes_enabled":true,"_links":{"self":[{"href":"https:\/\/derechosinfronteras.pe\/ingles\/wp-json\/wp\/v2\/posts\/3605","targetHints":{"allow":["GET"]}}],"collection":[{"href":"https:\/\/derechosinfronteras.pe\/ingles\/wp-json\/wp\/v2\/posts"}],"about":[{"href":"https:\/\/derechosinfronteras.pe\/ingles\/wp-json\/wp\/v2\/types\/post"}],"author":[{"embeddable":true,"href":"https:\/\/derechosinfronteras.pe\/ingles\/wp-json\/wp\/v2\/users\/1"}],"replies":[{"embeddable":true,"href":"https:\/\/derechosinfronteras.pe\/ingles\/wp-json\/wp\/v2\/comments?post=3605"}],"version-history":[{"count":0,"href":"https:\/\/derechosinfronteras.pe\/ingles\/wp-json\/wp\/v2\/posts\/3605\/revisions"}],"wp:featuredmedia":[{"embeddable":true,"href":"https:\/\/derechosinfronteras.pe\/ingles\/wp-json\/wp\/v2\/media\/3606"}],"wp:attachment":[{"href":"https:\/\/derechosinfronteras.pe\/ingles\/wp-json\/wp\/v2\/media?parent=3605"}],"wp:term":[{"taxonomy":"category","embeddable":true,"href":"https:\/\/derechosinfronteras.pe\/ingles\/wp-json\/wp\/v2\/categories?post=3605"},{"taxonomy":"post_tag","embeddable":true,"href":"https:\/\/derechosinfronteras.pe\/ingles\/wp-json\/wp\/v2\/tags?post=3605"}],"curies":[{"name":"wp","href":"https:\/\/api.w.org\/{rel}","templated":true}]}}