{"id":3607,"date":"2021-04-23T16:11:00","date_gmt":"2021-04-23T21:11:00","guid":{"rendered":"http:\/\/derechosinfronteras.pe\/?p=7455"},"modified":"2021-04-23T16:11:00","modified_gmt":"2021-04-23T21:11:00","slug":"nueva-comision-de-justicia-intercultural-del-poder-judicial","status":"publish","type":"post","link":"https:\/\/derechosinfronteras.pe\/ingles\/nueva-comision-de-justicia-intercultural-del-poder-judicial\/","title":{"rendered":"Nueva Comisi\u00f3n de Justicia Intercultural del Poder Judicial"},"content":{"rendered":"<p>Redacci\u00f3n DHSF<\/p>\n<p>La Presidencia del Poder Judicial, a trav\u00e9s de la Resoluci\u00f3n Administrativa N\u00b0 202-2011-P-PJ, dispuso la reconformaci\u00f3n de la Comisi\u00f3n de Trabajo sobre Justicia Ind\u00edgena y Justicia de Paz para el a\u00f1o judicial 2021.<\/p>\n<p>El prop\u00f3sito de dicha comisi\u00f3n es el desarrollo y monitoreo de los componentes, acciones y tareas concretas en su interrelaci\u00f3n con la justicia ind\u00edgena, adem\u00e1s, de mantener una articulaci\u00f3n con la Justicia de Paz.<\/p>\n<p>A partir del a\u00f1o 2019, se han producido el cese funcional y la declinaci\u00f3n justificada de algunos integrantes, resultando necesario proceder a la reconformaci\u00f3n de la Comisi\u00f3n de Justicia Intercultural para el presente a\u00f1o judicial 2021.<\/p>\n<p>Se design\u00f3 como presidente del Grupo de Trabajo al juez Supremo V\u00edctor Roberto Prado Saldarriaga y como secretario t\u00e9cnico a V\u00edctor Javier Echevarr\u00eda Mej\u00eda, los dem\u00e1s integrantes son los jueces superiores:<\/p>\n<ul>\n<li>Aldo Nervo Atarama Lonzoy (Loreto).<\/li>\n<li>Jorge Fernando Baz\u00e1n Cerd\u00e1n (Cajamarca).<\/li>\n<li><strong>Wilber Bustamante Del Castillo (Cusco). <\/strong><\/li>\n<li>Hern\u00e1n Layme Y\u00e9pez (Puno).<\/li>\n<li>P\u00e9rcida Damaris Lujan Zuasnabar (Jun\u00edn).<\/li>\n<\/ul>\n<p>Por otro lado, se aprob\u00f3 el Plan de Actividades de la Comisi\u00f3n de Justicia Intercultural para el a\u00f1o 2021, el cual busca insertar un eje estrat\u00e9gico y operativo sobre desarrollo de justicia intercultural en el Plan Estrat\u00e9gico Institucional al 2030.<\/p>","protected":false},"excerpt":{"rendered":"<p>Redacci\u00f3n DHSF La Presidencia del Poder Judicial, a trav\u00e9s de la Resoluci\u00f3n Administrativa N\u00b0 202-2011-P-PJ, dispuso la reconformaci\u00f3n de la Comisi\u00f3n de Trabajo sobre Justicia Ind\u00edgena y Justicia de Paz para el a\u00f1o judicial 2021. El prop\u00f3sito de dicha comisi\u00f3n es el desarrollo y monitoreo de los componentes, acciones y tareas concretas en su interrelaci\u00f3n [&hellip;]<\/p>\n","protected":false},"author":1,"featured_media":3608,"comment_status":"open","ping_status":"open","sticky":false,"template":"","format":"standard","meta":{"_monsterinsights_skip_tracking":false,"_monsterinsights_sitenote_active":false,"_monsterinsights_sitenote_note":"","_monsterinsights_sitenote_category":0,"_jetpack_memberships_contains_paid_content":false,"footnotes":"","jetpack_publicize_message":"","jetpack_publicize_feature_enabled":true,"jetpack_social_post_already_shared":false,"jetpack_social_options":{"image_generator_settings":{"template":"highway","default_image_id":0,"font":"","enabled":false},"version":2}},"categories":[1],"tags":[],"class_list":["post-3607","post","type-post","status-publish","format-standard","has-post-thumbnail","hentry","category-sin-categoria"],"blocksy_meta":[],"jetpack_publicize_connections":[],"jetpack_featured_media_url":"https:\/\/derechosinfronteras.pe\/wp-content\/uploads\/2021\/04\/plantilla-notas-web-copia.jpg","jetpack_sharing_enabled":true,"jetpack_likes_enabled":true,"_links":{"self":[{"href":"https:\/\/derechosinfronteras.pe\/ingles\/wp-json\/wp\/v2\/posts\/3607","targetHints":{"allow":["GET"]}}],"collection":[{"href":"https:\/\/derechosinfronteras.pe\/ingles\/wp-json\/wp\/v2\/posts"}],"about":[{"href":"https:\/\/derechosinfronteras.pe\/ingles\/wp-json\/wp\/v2\/types\/post"}],"author":[{"embeddable":true,"href":"https:\/\/derechosinfronteras.pe\/ingles\/wp-json\/wp\/v2\/users\/1"}],"replies":[{"embeddable":true,"href":"https:\/\/derechosinfronteras.pe\/ingles\/wp-json\/wp\/v2\/comments?post=3607"}],"version-history":[{"count":0,"href":"https:\/\/derechosinfronteras.pe\/ingles\/wp-json\/wp\/v2\/posts\/3607\/revisions"}],"wp:featuredmedia":[{"embeddable":true,"href":"https:\/\/derechosinfronteras.pe\/ingles\/wp-json\/wp\/v2\/media\/3608"}],"wp:attachment":[{"href":"https:\/\/derechosinfronteras.pe\/ingles\/wp-json\/wp\/v2\/media?parent=3607"}],"wp:term":[{"taxonomy":"category","embeddable":true,"href":"https:\/\/derechosinfronteras.pe\/ingles\/wp-json\/wp\/v2\/categories?post=3607"},{"taxonomy":"post_tag","embeddable":true,"href":"https:\/\/derechosinfronteras.pe\/ingles\/wp-json\/wp\/v2\/tags?post=3607"}],"curies":[{"name":"wp","href":"https:\/\/api.w.org\/{rel}","templated":true}]}}