{"id":3609,"date":"2021-04-22T11:30:29","date_gmt":"2021-04-22T16:30:29","guid":{"rendered":"http:\/\/derechosinfronteras.pe\/?p=7450"},"modified":"2021-04-22T11:30:29","modified_gmt":"2021-04-22T16:30:29","slug":"ejecutivo-crea-mecanismo-para-la-proteccion-de-personas-defensoras-de-derechos-humanos-en-el-pais","status":"publish","type":"post","link":"https:\/\/derechosinfronteras.pe\/ingles\/ejecutivo-crea-mecanismo-para-la-proteccion-de-personas-defensoras-de-derechos-humanos-en-el-pais\/","title":{"rendered":"Ejecutivo crea mecanismo para la protecci\u00f3n de personas defensoras de derechos humanos en el pa\u00eds"},"content":{"rendered":"<p>Redacci\u00f3n DHSF<\/p>\n<p>Ser defensora\/defensor de derechos humanos es ser objeto de ataques constantes y amenazas de distintas formas que a menudo preceden en asesinatos. <a href=\"https:\/\/undocs.org\/es\/A\/HRC\/46\/35\" target=\"_blank\" rel=\"noopener\">De acuerdo al informe de la Relator\u00eda Especial de la ONU (Organizaci\u00f3n de las Naciones Unidas)<\/a>, en el Per\u00fa, solo entre el 2015 a 2019, han asesinado a 24 personas defensoras.<\/p>\n<p>En ese contexto, el Poder Ejecutivo, a trav\u00e9s del Ministerio de Justicia y Derechos Humanos, aprob\u00f3 el Decreto Supremo 004-2021 que crea el mecanismo intersectorial para la protecci\u00f3n de las personas defensoras de derechos humanos.<\/p>\n<p>Dicho mecanismo estar\u00e1 constituido por los principios, medidas y procedimientos que buscan garantizar la prevenci\u00f3n, protecci\u00f3n y acceso a la justicia de las personas defensoras de derechos humanos frente a las situaciones de riesgo que se presenten como consecuencia de sus actividades.<\/p>\n<p>Estos principios, medidas y procedimientos vinculan a los ministerios de Justicia y Derechos Humanos, Interior, Ambiente, Cultura, Mujer y Poblaciones Vulnerables, Relaciones Exteriores, Energ\u00eda y Minas y Desarrollo Agrario y Riego.<\/p>\n<p>Adem\u00e1s, de acuerdo al decreto supremo, en un plazo no mayor de 30 d\u00edas h\u00e1biles, el Ministerio de Justicia y Derechos Humanos, en coordinaci\u00f3n con el Ministerio del Interior, aprobar\u00e1n un protocolo de actuaci\u00f3n para la implementaci\u00f3n de las medidas de protecci\u00f3n y medidas urgentes a las defensoras\/defensores en riesgo.<\/p>\n<p>El mecanismo intersectorial aprobado para la protecci\u00f3n de las personas defensoras de derechos humanos considera los enfoques de g\u00e9nero, interculturalidad, diferencial, interseccional y derechos humanos.<\/p>\n<p>Tambi\u00e9n dispone el registro sobre situaciones de riesgo de las personas defensoras de derechos humanos, el cual deber\u00e1 incorporar informaci\u00f3n sobre agresiones, amenazas o situaciones de riesgo.<\/p>\n<p><strong>\u00bfQUI\u00c9N ES UNA PERSONA DEFENSORA DE DERECHOS HUMANOS?<\/strong><\/p>\n<p>Es una persona natural que act\u00faa de forma individual o como integrante de un colectivo, grupo \u00e9tnico-cultural, organizaci\u00f3n, entidad p\u00fablica o privada, as\u00ed como personas jur\u00eddicas, grupos, organizaciones o movimientos sociales, cuya finalidad es la promoci\u00f3n, protecci\u00f3n o defensa de los derechos humanos, individuales y\/o colectivos de manera pac\u00edfica, dentro del marco del derecho nacional e internacional.<\/p>\n<p>Las acciones de defensa se ejecutar\u00e1n frente a toda agresi\u00f3n, amenaza o situaci\u00f3n de riesgo que se realiza en agravio o con el objetivo de perjudicar a una persona defensora de derechos humanos, o a su entorno familiar o personal, a causa del ejercicio de sus actividades de defensa.<\/p>\n<p>El Ministerio de Justicia y Derechos Humanos, a trav\u00e9s de la Direcci\u00f3n General de Derechos Humanos, conjuntamente con los ministerios vinculados, tendr\u00e1n que brindar asistencia t\u00e9cnica a los gobiernos regionales y locales para la adopci\u00f3n de las acciones relacionadas con la prevenci\u00f3n de situaciones de riesgo.<\/p>\n<p><a href=\"https:\/\/busquedas.elperuano.pe\/normaslegales\/decreto-supremo-que-crea-el-mecanismo-intersectorial-para-la-decreto-supremo-n-004-2021-jus-1946184-4\/?fbclid=IwAR3qlREq1AjcjCeJfOlyhhERpZ45B6la1nhDPlNd2G-K2tEamQGsyrOHSCE\" target=\"_blank\" rel=\"noopener\">AQU\u00cd<\/a>, puedes leer el decreto supremo completo.<\/p>\n<p>Vale precisar que, seg\u00fan la Relatora Especial de la ONU, Mary Lawlor, en su <a href=\"https:\/\/undocs.org\/es\/A\/HRC\/46\/35\" target=\"_blank\" rel=\"noopener\">informe sobre la situaci\u00f3n de las y los defensores de los derechos humanos<\/a>, pese a la situaci\u00f3n de riesgo de las personas defensoras de derechos humanos, muchos de los Estados en el mundo incumplen con su obligaci\u00f3n de protegerlas.<\/p>","protected":false},"excerpt":{"rendered":"<p>Redacci\u00f3n DHSF Ser defensora\/defensor de derechos humanos es ser objeto de ataques constantes y amenazas de distintas formas que a menudo preceden en asesinatos. De acuerdo al informe de la Relator\u00eda Especial de la ONU (Organizaci\u00f3n de las Naciones Unidas), en el Per\u00fa, solo entre el 2015 a 2019, han asesinado a 24 personas defensoras. [&hellip;]<\/p>\n","protected":false},"author":1,"featured_media":3610,"comment_status":"open","ping_status":"open","sticky":false,"template":"","format":"standard","meta":{"_monsterinsights_skip_tracking":false,"_monsterinsights_sitenote_active":false,"_monsterinsights_sitenote_note":"","_monsterinsights_sitenote_category":0,"_jetpack_memberships_contains_paid_content":false,"footnotes":"","jetpack_publicize_message":"","jetpack_publicize_feature_enabled":true,"jetpack_social_post_already_shared":false,"jetpack_social_options":{"image_generator_settings":{"template":"highway","default_image_id":0,"font":"","enabled":false},"version":2}},"categories":[1],"tags":[],"class_list":["post-3609","post","type-post","status-publish","format-standard","has-post-thumbnail","hentry","category-sin-categoria"],"blocksy_meta":[],"jetpack_publicize_connections":[],"jetpack_featured_media_url":"https:\/\/derechosinfronteras.pe\/wp-content\/uploads\/2021\/04\/FOTO-MECANISMOS.jpg","jetpack_sharing_enabled":true,"jetpack_likes_enabled":true,"_links":{"self":[{"href":"https:\/\/derechosinfronteras.pe\/ingles\/wp-json\/wp\/v2\/posts\/3609","targetHints":{"allow":["GET"]}}],"collection":[{"href":"https:\/\/derechosinfronteras.pe\/ingles\/wp-json\/wp\/v2\/posts"}],"about":[{"href":"https:\/\/derechosinfronteras.pe\/ingles\/wp-json\/wp\/v2\/types\/post"}],"author":[{"embeddable":true,"href":"https:\/\/derechosinfronteras.pe\/ingles\/wp-json\/wp\/v2\/users\/1"}],"replies":[{"embeddable":true,"href":"https:\/\/derechosinfronteras.pe\/ingles\/wp-json\/wp\/v2\/comments?post=3609"}],"version-history":[{"count":0,"href":"https:\/\/derechosinfronteras.pe\/ingles\/wp-json\/wp\/v2\/posts\/3609\/revisions"}],"wp:featuredmedia":[{"embeddable":true,"href":"https:\/\/derechosinfronteras.pe\/ingles\/wp-json\/wp\/v2\/media\/3610"}],"wp:attachment":[{"href":"https:\/\/derechosinfronteras.pe\/ingles\/wp-json\/wp\/v2\/media?parent=3609"}],"wp:term":[{"taxonomy":"category","embeddable":true,"href":"https:\/\/derechosinfronteras.pe\/ingles\/wp-json\/wp\/v2\/categories?post=3609"},{"taxonomy":"post_tag","embeddable":true,"href":"https:\/\/derechosinfronteras.pe\/ingles\/wp-json\/wp\/v2\/tags?post=3609"}],"curies":[{"name":"wp","href":"https:\/\/api.w.org\/{rel}","templated":true}]}}