{"id":3611,"date":"2021-04-20T19:08:03","date_gmt":"2021-04-21T00:08:03","guid":{"rendered":"http:\/\/derechosinfronteras.pe\/?p=7437"},"modified":"2021-04-20T19:08:03","modified_gmt":"2021-04-21T00:08:03","slug":"instalan-mesa-de-dialogo-en-espinar-en-medio-de-un-clima-tenso-por-demandas-no-resueltas","status":"publish","type":"post","link":"https:\/\/derechosinfronteras.pe\/ingles\/instalan-mesa-de-dialogo-en-espinar-en-medio-de-un-clima-tenso-por-demandas-no-resueltas\/","title":{"rendered":"Instalan mesa de di\u00e1logo en Espinar en medio de un clima tenso por demandas no resueltas"},"content":{"rendered":"<p>Redacci\u00f3n DHSF<\/p>\n<p>En medio de un clima de tensi\u00f3n se instal\u00f3 ayer la Mesa de Di\u00e1logo para el Desarrollo Sostenible de la Provincia de Espinar en el teatr\u00edn del colegio Ladislao Espinar con la participaci\u00f3n de funcionarios de nivel nacional, autoridades pol\u00edticas locales y dirigentes sociales.<\/p>\n<p>Los representantes del Ejecutivo expusieron virtualmente su informe y plan de trabajo para los cinco subgrupos de trabajo que conforman esta mesa de di\u00e1logo: (1) Inversiones y Desarrollo a cargo de la Presidencia del Consejo de Ministros; (2) Salud, Ambiente, Saneamiento y Residuos S\u00f3lidos a cargo del Ministerio del Ambiente, (3) Reformulaci\u00f3n del Convenio Marco a cargo del Ministerio de Energ\u00eda y Minas, (4) Corredor Vial a cargo del Ministerio de Transportes y Comunicaciones y, finalmente, (5) Justicia y Derechos Humanos a cargo del Ministerio de Justicia y Derechos Humanos.<\/p>\n<p>En principio, esta propuesta de trabajo fue rechazada por los dirigentes sociales, quienes expresaron su indignaci\u00f3n por la poca voluntad y burla del Estado en las mesas de di\u00e1logo instaladas en los a\u00f1os 2005, 2012, 2019, 2020 y ahora 2021. En ninguna de ellas, seg\u00fan refirieron, se ha logrado resolver la plataforma de lucha de Espinar.<\/p>\n<p>Luego de una amplia discusi\u00f3n se acord\u00f3 lo siguiente:<\/p>\n<p><strong>Primero<\/strong>: Se instal\u00f3 el grupo de trabajo denominado Mesa de Di\u00e1logo para el Desarrollo Sostenible de la Provincia de Espinar, departamento del Cusco, conforme a la Resoluci\u00f3n Ministerial n. \u00b0 085- 2021 \u2013 PCM. Para tal efecto, se eligieron las fechas de reuni\u00f3n de cada subgrupo.<\/p>\n<figure id=\"attachment_7438\" aria-describedby=\"caption-attachment-7438\" style=\"width: 860px\" class=\"wp-caption alignnone\"><img fetchpriority=\"high\" decoding=\"async\" class=\"wp-image-7438 size-full\" src=\"http:\/\/derechosinfronteras.pe\/wp-content\/uploads\/2021\/04\/tabla-de-fechas-mesa-de-dialogo.jpg\" alt=\"Cronograma\" width=\"860\" height=\"334\" \/><figcaption id=\"caption-attachment-7438\" class=\"wp-caption-text\">Cronograma<\/figcaption><\/figure>\n<p><strong>Segundo<\/strong>: El pr\u00f3ximo lunes 26 del corriente se realizar\u00e1 la siguiente sesi\u00f3n cuyos temas a tratar ser\u00e1n el Proyecto Integraci\u00f3n Coroccohuaycco, la denominaci\u00f3n del corredor vial como corredor minero y el cambio de la denominaci\u00f3n del subgrupo 2 por Salud, Afectaci\u00f3n de Metales Pesados y Contaminaci\u00f3n Ambiental.<\/p>\n<p><strong>Tercero<\/strong>: El Ejecutivo responder\u00e1 para esa fecha los pedidos de los alcaldes y dirigentes.<\/p>\n<p>Finalmente, los alcaldes y dirigentes de Espinar pidieron que otras temas sean incluidos en la mesa de di\u00e1logo como majes siguas, represamiento de angostura, Coroccohuaycco, la creaci\u00f3n de la Universidad Nacional Intercultural de Espinar, inclusi\u00f3n de nuevos proyectos, atenci\u00f3n a afectados por metales pesados, reformulaci\u00f3n del convenio marco y la modificatoria de la Resoluci\u00f3n Ministerial n. \u00b0 085 \u2013 2021- PCM.<\/p>\n<p>Cabe precisar que los representantes del Ministerio de Energ\u00eda y Minas facilitaron este espacio donde asistieron virtualmente los ministros de Energ\u00eda y Minas, Agricultura, el viceministro de Gobernanza Territorial, entre otros funcionarios.<\/p>","protected":false},"excerpt":{"rendered":"<p>Redacci\u00f3n DHSF En medio de un clima de tensi\u00f3n se instal\u00f3 ayer la Mesa de Di\u00e1logo para el Desarrollo Sostenible de la Provincia de Espinar en el teatr\u00edn del colegio Ladislao Espinar con la participaci\u00f3n de funcionarios de nivel nacional, autoridades pol\u00edticas locales y dirigentes sociales. Los representantes del Ejecutivo expusieron virtualmente su informe y [&hellip;]<\/p>\n","protected":false},"author":1,"featured_media":3612,"comment_status":"open","ping_status":"open","sticky":false,"template":"","format":"standard","meta":{"_monsterinsights_skip_tracking":false,"_monsterinsights_sitenote_active":false,"_monsterinsights_sitenote_note":"","_monsterinsights_sitenote_category":0,"_jetpack_memberships_contains_paid_content":false,"footnotes":"","jetpack_publicize_message":"","jetpack_publicize_feature_enabled":true,"jetpack_social_post_already_shared":false,"jetpack_social_options":{"image_generator_settings":{"template":"highway","default_image_id":0,"font":"","enabled":false},"version":2}},"categories":[1],"tags":[],"class_list":["post-3611","post","type-post","status-publish","format-standard","has-post-thumbnail","hentry","category-sin-categoria"],"blocksy_meta":[],"jetpack_publicize_connections":[],"jetpack_featured_media_url":"https:\/\/derechosinfronteras.pe\/wp-content\/uploads\/2021\/04\/FOTO-CINTILLO-MESA-DE-DIALOGO.jpg","jetpack_sharing_enabled":true,"jetpack_likes_enabled":true,"_links":{"self":[{"href":"https:\/\/derechosinfronteras.pe\/ingles\/wp-json\/wp\/v2\/posts\/3611","targetHints":{"allow":["GET"]}}],"collection":[{"href":"https:\/\/derechosinfronteras.pe\/ingles\/wp-json\/wp\/v2\/posts"}],"about":[{"href":"https:\/\/derechosinfronteras.pe\/ingles\/wp-json\/wp\/v2\/types\/post"}],"author":[{"embeddable":true,"href":"https:\/\/derechosinfronteras.pe\/ingles\/wp-json\/wp\/v2\/users\/1"}],"replies":[{"embeddable":true,"href":"https:\/\/derechosinfronteras.pe\/ingles\/wp-json\/wp\/v2\/comments?post=3611"}],"version-history":[{"count":0,"href":"https:\/\/derechosinfronteras.pe\/ingles\/wp-json\/wp\/v2\/posts\/3611\/revisions"}],"wp:featuredmedia":[{"embeddable":true,"href":"https:\/\/derechosinfronteras.pe\/ingles\/wp-json\/wp\/v2\/media\/3612"}],"wp:attachment":[{"href":"https:\/\/derechosinfronteras.pe\/ingles\/wp-json\/wp\/v2\/media?parent=3611"}],"wp:term":[{"taxonomy":"category","embeddable":true,"href":"https:\/\/derechosinfronteras.pe\/ingles\/wp-json\/wp\/v2\/categories?post=3611"},{"taxonomy":"post_tag","embeddable":true,"href":"https:\/\/derechosinfronteras.pe\/ingles\/wp-json\/wp\/v2\/tags?post=3611"}],"curies":[{"name":"wp","href":"https:\/\/api.w.org\/{rel}","templated":true}]}}