{"id":3614,"date":"2021-04-19T13:31:57","date_gmt":"2021-04-19T18:31:57","guid":{"rendered":"http:\/\/derechosinfronteras.pe\/?p=7433"},"modified":"2021-04-19T13:31:57","modified_gmt":"2021-04-19T18:31:57","slug":"incrementan-las-cifras-de-adultas-ninas-y-adolescentes-reportadas-como-desaparecidas","status":"publish","type":"post","link":"https:\/\/derechosinfronteras.pe\/ingles\/incrementan-las-cifras-de-adultas-ninas-y-adolescentes-reportadas-como-desaparecidas\/","title":{"rendered":"Incrementan las cifras de adultas, ni\u00f1as y adolescentes reportadas como desaparecidas"},"content":{"rendered":"<p>Redacci\u00f3n DHSF<\/p>\n<p>En el reporte denominado \u00bfQu\u00e9 pas\u00f3 con ellas?, la Defensor\u00eda del Pueblo inform\u00f3 que, en la regi\u00f3n del Cusco, se registraron 9 mujeres adultas y 18 ni\u00f1as y adolescentes desaparecidas en marzo, un mes marcado por la contienda electoral.<\/p>\n<p>A nivel nacional, la cifra es mayor: 542 ni\u00f1as, adolescentes y adultas mujeres fueron reportadas como desaparecidas. De este total, se registraron 341 ni\u00f1as y adolescentes y 201 adultas. Asimismo, en comparaci\u00f3n con el registro de notas de alerta del mes de febrero se hay un incrementa del 27 %.<\/p>\n<p>Mientras que, en Cusco, hay 13 y 26 mujeres adultas, ni\u00f1as y adolescentes reportadas como desaparecidas en los meses de enero y febrero, respectivamente. Asimismo, seg\u00fan dicha entidad, en lo que va del a\u00f1o, a nivel nacional ya son 1425 los casos registrados a trav\u00e9s de notas de alerta en la p\u00e1gina web de la Polic\u00eda Nacional del Per\u00fa (PNP).<\/p>\n<p><img fetchpriority=\"high\" decoding=\"async\" class=\"alignnone size-large wp-image-7434\" src=\"http:\/\/derechosinfronteras.pe\/wp-content\/uploads\/2021\/04\/cifras-def-1024x718.jpg\" alt=\"\" width=\"715\" height=\"501\" \/><\/p>\n<p>Por otro lado, la cantidad de denuncias reportadas en el Sistema Inform\u00e1tico de Denuncias Policiales (SIDPOL) de personas desaparecidas en el mes de marzo suman un total de 1741, de las cuales 616 son mujeres y 38 son de la regi\u00f3n del Cusco.<\/p>\n<p>Para Kathe Soto, activista y fundadora de Mujeres Desaparecidas Per\u00fa, \u201cexiste la necesidad de un protocolo con enfoque de g\u00e9nero e interculturalidad. Y necesitamos instrumentos que puedan visibilizar la realidad y construir canales no s\u00f3lo tecnol\u00f3gicos, sino canales cercanos para que la ciudadan\u00eda pueda prevenir\u201d.<\/p>\n<p>Recordemos que, el 15 de octubre, el Estado peruano implement\u00f3 el Sistema Nacional de B\u00fasqueda de Personas Desaparecidas en Cumplimiento del Decreto Legislativo N\u00b0 1428 que desarrolla medidas para la atenci\u00f3n de casos de desaparici\u00f3n de personas en situaci\u00f3n de vulnerabilidad.<\/p>\n<p>Dicho sitio, web (https:\/\/desaparecidosenperu.policia.gob.pe\/) cuenta con una secci\u00f3n de alerta de emergencia por desaparici\u00f3n de ni\u00f1as, ni\u00f1os, adolescentes y mujeres v\u00edctimas de violencia, una base de datos de personas desaparecidas de 0 a 18 a\u00f1os y de 18 a\u00f1os a m\u00e1s y una lista de personas ubicadas e informaci\u00f3n respecto a los procedimientos para reportar una desaparici\u00f3n.<\/p>\n<p>El Estado debe implementar pol\u00edticas de prevenci\u00f3n cada vez m\u00e1s eficaces para una atenci\u00f3n adecuada a las v\u00edctimas. Adem\u00e1s, en plena segunda vuelta electoral, los candidatos tienen que considerar esta problem\u00e1tica como parte de sus planes de gobierno. Se tiene que reconocer que las v\u00edctimas est\u00e1n expuestas a otras formas de violencia y la edad, el g\u00e9nero, la situaci\u00f3n socioecon\u00f3mica y la condici\u00f3n racial pueden ser factores determinantes.<\/p>\n<p>&nbsp;<\/p>","protected":false},"excerpt":{"rendered":"<p>Redacci\u00f3n DHSF En el reporte denominado \u00bfQu\u00e9 pas\u00f3 con ellas?, la Defensor\u00eda del Pueblo inform\u00f3 que, en la regi\u00f3n del Cusco, se registraron 9 mujeres adultas y 18 ni\u00f1as y adolescentes desaparecidas en marzo, un mes marcado por la contienda electoral. A nivel nacional, la cifra es mayor: 542 ni\u00f1as, adolescentes y adultas mujeres fueron [&hellip;]<\/p>\n","protected":false},"author":1,"featured_media":3615,"comment_status":"open","ping_status":"open","sticky":false,"template":"","format":"standard","meta":{"_monsterinsights_skip_tracking":false,"_monsterinsights_sitenote_active":false,"_monsterinsights_sitenote_note":"","_monsterinsights_sitenote_category":0,"_jetpack_memberships_contains_paid_content":false,"footnotes":"","jetpack_publicize_message":"","jetpack_publicize_feature_enabled":true,"jetpack_social_post_already_shared":false,"jetpack_social_options":{"image_generator_settings":{"template":"highway","default_image_id":0,"font":"","enabled":false},"version":2}},"categories":[1],"tags":[],"class_list":["post-3614","post","type-post","status-publish","format-standard","has-post-thumbnail","hentry","category-sin-categoria"],"blocksy_meta":[],"jetpack_publicize_connections":[],"jetpack_featured_media_url":"https:\/\/derechosinfronteras.pe\/wp-content\/uploads\/2021\/04\/reportadas.jpg","jetpack_sharing_enabled":true,"jetpack_likes_enabled":true,"_links":{"self":[{"href":"https:\/\/derechosinfronteras.pe\/ingles\/wp-json\/wp\/v2\/posts\/3614","targetHints":{"allow":["GET"]}}],"collection":[{"href":"https:\/\/derechosinfronteras.pe\/ingles\/wp-json\/wp\/v2\/posts"}],"about":[{"href":"https:\/\/derechosinfronteras.pe\/ingles\/wp-json\/wp\/v2\/types\/post"}],"author":[{"embeddable":true,"href":"https:\/\/derechosinfronteras.pe\/ingles\/wp-json\/wp\/v2\/users\/1"}],"replies":[{"embeddable":true,"href":"https:\/\/derechosinfronteras.pe\/ingles\/wp-json\/wp\/v2\/comments?post=3614"}],"version-history":[{"count":0,"href":"https:\/\/derechosinfronteras.pe\/ingles\/wp-json\/wp\/v2\/posts\/3614\/revisions"}],"wp:featuredmedia":[{"embeddable":true,"href":"https:\/\/derechosinfronteras.pe\/ingles\/wp-json\/wp\/v2\/media\/3615"}],"wp:attachment":[{"href":"https:\/\/derechosinfronteras.pe\/ingles\/wp-json\/wp\/v2\/media?parent=3614"}],"wp:term":[{"taxonomy":"category","embeddable":true,"href":"https:\/\/derechosinfronteras.pe\/ingles\/wp-json\/wp\/v2\/categories?post=3614"},{"taxonomy":"post_tag","embeddable":true,"href":"https:\/\/derechosinfronteras.pe\/ingles\/wp-json\/wp\/v2\/tags?post=3614"}],"curies":[{"name":"wp","href":"https:\/\/api.w.org\/{rel}","templated":true}]}}