{"id":3618,"date":"2021-04-13T21:36:17","date_gmt":"2021-04-14T02:36:17","guid":{"rendered":"http:\/\/derechosinfronteras.pe\/?p=7422"},"modified":"2021-04-13T21:36:17","modified_gmt":"2021-04-14T02:36:17","slug":"indignante-exministro-involucrado-en-las-esterilizaciones-forzadas-es-elegido-congresista","status":"publish","type":"post","link":"https:\/\/derechosinfronteras.pe\/ingles\/indignante-exministro-involucrado-en-las-esterilizaciones-forzadas-es-elegido-congresista\/","title":{"rendered":"\u00a1Indignante!: Exministro involucrado en las esterilizaciones forzadas es elegido congresista"},"content":{"rendered":"<p style=\"text-align: justify; margin: 18.0pt 0cm 18.0pt 0cm;\"><span style=\"font-family: 'Arial',sans-serif; color: black; background: white;\">Redacci\u00f3n DHSF<\/span><\/p>\n<p style=\"text-align: justify; margin: 18.0pt 0cm 18.0pt 0cm;\"><span style=\"font-family: 'Arial',sans-serif; color: black; background: white;\">El exministro de Salud, Alejandro Aguinaga, durante la dictadura de Alberto Fujimori y candidato por la regi\u00f3n Lambayeque, habr\u00eda logrado su elecci\u00f3n como congresista de la Rep\u00fablica (8 mil 940 votos seg\u00fan el conteo de la ONPE).<\/span><\/p>\n<p style=\"text-align: justify; margin: 18.0pt 0cm 18.0pt 0cm;\"><span style=\"font-family: 'Arial',sans-serif; color: black; background: white;\">Durante su desempe\u00f1o como ministro de Estado fue uno de los principales involucrados de las esterilizaciones forzadas, proceso penal que actualmente se encuentra en etapa de sustentaci\u00f3n de cargos. <\/span><\/p>\n<p style=\"text-align: justify; margin: 18.0pt 0cm 18.0pt 0cm;\"><span style=\"font-family: 'Arial',sans-serif; color: black; background: white;\">\u201cEs indignante que hayan elegido a Alejandro Aguinaga. \u00bfC\u00f3mo puede ingresar como congresista alguien que tanto da\u00f1o ha hecho a las mujeres esterilizadas?, pero\u00a0nosotras no podemos hacer nada,\u00a0solo seguiremos luchando\u201d, expres\u00f3 In\u00e9s Condori Anaya,<\/span><span style=\"font-family: 'Arial',sans-serif; color: #333333; background: white;\"> presidenta de la Asociaci\u00f3n de Mujeres V\u00edctimas de Esterilizaciones Forzadas de Chumbivilcas al enterarse del resultado de las elecciones congresales. <\/span><\/p>\n<p style=\"text-align: justify; margin: 18.0pt 0cm 18.0pt 0cm;\"><span style=\"font-family: 'Arial',sans-serif; color: black; background: white;\">Cabe mencionar que el exministro de Salud, de acuerdo al art\u00edculo 93 de la <\/span><span style=\"font-family: 'Arial',sans-serif; color: black;\">Ley N\u00ba 31118, de ser sentenciado, no podr\u00e1\u00a0acogerse a la inmunidad parlamentaria.<\/span><\/p>\n<p style=\"text-align: justify; margin: 18.0pt 0cm 18.0pt 0cm;\"><span style=\"font-family: 'Arial',sans-serif; color: black; background: white;\">\u201cSi alcanza esa penalidad tendr\u00e1 que ser juzgado\u201d, manifest\u00f3 In\u00e9s Condori.<\/span><\/p>\n<p style=\"text-align: justify; margin: 18.0pt 0cm 18.0pt 0cm;\"><span style=\"font-family: 'Arial',sans-serif; color: black; background: white;\">Por otro lado, el exministro de Salud tambi\u00e9n est\u00e1 involucrado en el Vacunagate por haberse vacunado con las dosis extra de Sinopharm en el Vacunagate junto a su c\u00f3nyuge.<\/span><\/p>\n<p style=\"text-align: justify; margin: 18.0pt 0cm 18.0pt 0cm;\"><span style=\"font-family: 'Arial',sans-serif; color: black; background: white;\">Recordemos que, <\/span><span style=\"font-family: 'Arial',sans-serif; color: #333333; background: white;\">entre 1996 y 2000,<\/span> <span style=\"font-family: 'Arial',sans-serif; color: #333333; background: white;\">aproximadamente 300 mil mujeres campesinas, ind\u00edgenas, andinas y amaz\u00f3nicas de zonas rurales y urbano populares fueron esterilizadas sin su consentimiento, y actualmente, t<\/span><span style=\"font-family: 'Arial',sans-serif; color: black; background: white;\">ras 20 a\u00f1os de espera, reci\u00e9n han iniciado las audiencias de sustentaci\u00f3n de cargos contra los implicados. La pr\u00f3xima diligencia judicial se realizar\u00e1 el 20 de este mes.<\/span><\/p>\n<p style=\"text-align: justify; margin: 18.0pt 0cm 18.0pt 0cm;\"><span style=\"font-family: 'Arial',sans-serif; color: black;\">\u00a0<\/span><\/p>","protected":false},"excerpt":{"rendered":"<p>Redacci\u00f3n DHSF El exministro de Salud, Alejandro Aguinaga, durante la dictadura de Alberto Fujimori y candidato por la regi\u00f3n Lambayeque, habr\u00eda logrado su elecci\u00f3n como congresista de la Rep\u00fablica (8 mil 940 votos seg\u00fan el conteo de la ONPE). Durante su desempe\u00f1o como ministro de Estado fue uno de los principales involucrados de las esterilizaciones [&hellip;]<\/p>\n","protected":false},"author":1,"featured_media":3619,"comment_status":"open","ping_status":"open","sticky":false,"template":"","format":"standard","meta":{"_monsterinsights_skip_tracking":false,"_monsterinsights_sitenote_active":false,"_monsterinsights_sitenote_note":"","_monsterinsights_sitenote_category":0,"_jetpack_memberships_contains_paid_content":false,"footnotes":"","jetpack_publicize_message":"","jetpack_publicize_feature_enabled":true,"jetpack_social_post_already_shared":false,"jetpack_social_options":{"image_generator_settings":{"template":"highway","default_image_id":0,"font":"","enabled":false},"version":2}},"categories":[1],"tags":[],"class_list":["post-3618","post","type-post","status-publish","format-standard","has-post-thumbnail","hentry","category-sin-categoria"],"blocksy_meta":[],"jetpack_publicize_connections":[],"jetpack_featured_media_url":"https:\/\/derechosinfronteras.pe\/wp-content\/uploads\/2021\/04\/k.jpg","jetpack_sharing_enabled":true,"jetpack_likes_enabled":true,"_links":{"self":[{"href":"https:\/\/derechosinfronteras.pe\/ingles\/wp-json\/wp\/v2\/posts\/3618","targetHints":{"allow":["GET"]}}],"collection":[{"href":"https:\/\/derechosinfronteras.pe\/ingles\/wp-json\/wp\/v2\/posts"}],"about":[{"href":"https:\/\/derechosinfronteras.pe\/ingles\/wp-json\/wp\/v2\/types\/post"}],"author":[{"embeddable":true,"href":"https:\/\/derechosinfronteras.pe\/ingles\/wp-json\/wp\/v2\/users\/1"}],"replies":[{"embeddable":true,"href":"https:\/\/derechosinfronteras.pe\/ingles\/wp-json\/wp\/v2\/comments?post=3618"}],"version-history":[{"count":0,"href":"https:\/\/derechosinfronteras.pe\/ingles\/wp-json\/wp\/v2\/posts\/3618\/revisions"}],"wp:featuredmedia":[{"embeddable":true,"href":"https:\/\/derechosinfronteras.pe\/ingles\/wp-json\/wp\/v2\/media\/3619"}],"wp:attachment":[{"href":"https:\/\/derechosinfronteras.pe\/ingles\/wp-json\/wp\/v2\/media?parent=3618"}],"wp:term":[{"taxonomy":"category","embeddable":true,"href":"https:\/\/derechosinfronteras.pe\/ingles\/wp-json\/wp\/v2\/categories?post=3618"},{"taxonomy":"post_tag","embeddable":true,"href":"https:\/\/derechosinfronteras.pe\/ingles\/wp-json\/wp\/v2\/tags?post=3618"}],"curies":[{"name":"wp","href":"https:\/\/api.w.org\/{rel}","templated":true}]}}