{"id":3622,"date":"2021-04-07T13:41:51","date_gmt":"2021-04-07T18:41:51","guid":{"rendered":"http:\/\/derechosinfronteras.pe\/?p=7406"},"modified":"2021-04-07T13:41:51","modified_gmt":"2021-04-07T18:41:51","slug":"el-acoso-contra-las-mujeres-en-la-vida-politica-sera-sancionado","status":"publish","type":"post","link":"https:\/\/derechosinfronteras.pe\/ingles\/el-acoso-contra-las-mujeres-en-la-vida-politica-sera-sancionado\/","title":{"rendered":"El acoso contra las mujeres en la vida pol\u00edtica ser\u00e1 sancionado"},"content":{"rendered":"<p>Redacci\u00f3n DHSF<\/p>\n<p><span style=\"font-weight: 400;\">El Congreso de la Rep\u00fablica promulg\u00f3 hoy la Ley N\u00ba 31155 que previene y sanciona el acoso contra las mujeres en la vida pol\u00edtica, con <\/span><span style=\"font-weight: 400;\">la finalidad de garantizar el ejercicio pleno de sus derechos pol\u00edticos y que participen en igualdad de condiciones.<\/span><\/p>\n<p><span style=\"font-weight: 400;\">Las disposiciones de esta norma se aplicar\u00e1n a las candidatas a cargos pol\u00edticos de representaci\u00f3n por elecci\u00f3n popular en los niveles nacional, regional y local, desde su confirmaci\u00f3n en las elecciones internas o primarias de su organizaci\u00f3n o alianza pol\u00edtica.<\/span><\/p>\n<p><span style=\"font-weight: 400;\">Tambi\u00e9n considera a las autoridades elegidas por elecci\u00f3n popular que desempe\u00f1an cargos pol\u00edticos en los niveles de gobierno nacional, regional y local, funcionarias que, por designaci\u00f3n, desempe\u00f1an cargos pol\u00edticos en funciones ejecutivas en los niveles de gobierno nacional, regional y local, desde que se emite la resoluci\u00f3n correspondiente.<\/span><\/p>\n<p><span style=\"font-weight: 400;\">Asimismo, a las autoridades de comunidades campesinas, comunales, ind\u00edgenas, originarios y afrodescendientes que ejercen cargos de elecci\u00f3n desde que postulan a los mismos y a militantes de organizaciones pol\u00edticas que postulen a cargos de dirigencia o de representaci\u00f3n, as\u00ed como durante el ejercicio de dichos cargos.<\/span><\/p>\n<p><span style=\"font-weight: 400;\">Los actos de acosos que condenar\u00e1 esta ley, seg\u00fan detalla el art\u00edculo 4 son los siguientes:<\/span><\/p>\n<ul>\n<li style=\"font-weight: 400;\" aria-level=\"1\"><span style=\"font-weight: 400;\">Evitar por cualquier medio que las mujeres asistan a actividades que impliquen el ejercicio de sus derechos pol\u00edticos en igualdad de condiciones, salvo las restricciones de ley.\u00a0<\/span><\/li>\n<li style=\"font-weight: 400;\" aria-level=\"1\"><span style=\"font-weight: 400;\">Restringir el uso de la palabra impidiendo el derecho de participaci\u00f3n pol\u00edtica en condiciones de igualdad.<\/span><\/li>\n<li style=\"font-weight: 400;\" aria-level=\"1\"><span style=\"font-weight: 400;\">Limitar o impedir el ejercicio de los derechos pol\u00edticos a causa del estado de embarazo, parto, licencia por maternidad o de cualquier otra licencia justificada de acuerdo con la normativa aplicable.<\/span><\/li>\n<\/ul>\n<p><span style=\"font-weight: 400;\">\u00a0<\/span><span style=\"font-weight: 400;\">Del mismo modo, divulgar im\u00e1genes o mensajes a trav\u00e9s de medios de comunicaci\u00f3n o redes sociales que transmitan y\/o reproduzcan relaciones de desigualdad y discriminaci\u00f3n contra las mujeres, con el objetivo de menoscabar su imagen p\u00fablica y\/o limitar sus derechos pol\u00edticos, dar a conocer informaci\u00f3n, con fines pol\u00edticos, de la vida personal y privada que carezca de inter\u00e9s p\u00fablico.<\/span><\/p>\n<p><span style=\"font-weight: 400;\">Finalmente, la norma tambi\u00e9n dispone que toda instituci\u00f3n p\u00fablica u organizaci\u00f3n pol\u00edtica estar\u00e1 obligada a promover el establecimiento de requisitos id\u00f3neos, necesarios y proporcionales que permitan el ejercicio de los derechos pol\u00edticos de las mujeres en condiciones de igualdad.<\/span><\/p>\n<p><span style=\"font-weight: 400;\">Recordemos que la participaci\u00f3n de las mujeres en la pol\u00edtica contin\u00faa siendo limitada y estigmatizada por diversos factores, tal es el caso que -seg\u00fan un informe de Igualdad de G\u00e9nero a 25 a\u00f1os de Beijin: derechos de las mujeres bajo lupa- en el mundo 53 % de varones creen que ellos son mejores l\u00edderes que las mujeres.<\/span><\/p>\n<p><span style=\"font-weight: 400;\">Actualmente, en Cusco hay 53 candidatas al Congreso de la Rep\u00fablica y 2 a la presidencia. Estos limitados n\u00fameros de participaci\u00f3n de mujeres se debe a la brecha de g\u00e9nero que todav\u00eda existe en el Per\u00fa, pese a avances significativos como la Ley de Paridad y Alternancia gracias a la lucha de diferentes movimientos feministas y organizaciones de derechos humanos.\u00a0<\/span><\/p>\n<p><span style=\"font-weight: 400;\">\u00bfQU\u00c9 ES EL ACOSO POL\u00cdTICO?<\/span><\/p>\n<p><span style=\"font-weight: 400;\">La Ley Modelo Interamericana sobre Violencia Pol\u00edtica contra las Mujeres de la Organizaci\u00f3n de Estados Americanos establece que el acoso pol\u00edtico \u201ces cualquier acci\u00f3n, conducta u omisi\u00f3n, realizada de forma directa o a trav\u00e9s de terceros que, basada en su g\u00e9nero, cause da\u00f1o o sufrimiento a una o a varias mujeres, y que tenga por objeto o por resultado menoscabar o anular el reconocimiento, goce o ejercicio de sus derechos pol\u00edticos.\u00bb<\/span><\/p>\n<p><span style=\"font-weight: 400;\">Seg\u00fan la Asociaci\u00f3n Civil Transparencia, \u201clas principales manifestaciones de acoso pol\u00edtico identificadas en nuestro pa\u00eds son los actos de hostigamiento, amenazas, chantajes, difamaciones, actos de violencia f\u00edsica y psicol\u00f3gica\u201d.<\/span><\/p>","protected":false},"excerpt":{"rendered":"<p>Redacci\u00f3n DHSF El Congreso de la Rep\u00fablica promulg\u00f3 hoy la Ley N\u00ba 31155 que previene y sanciona el acoso contra las mujeres en la vida pol\u00edtica, con la finalidad de garantizar el ejercicio pleno de sus derechos pol\u00edticos y que participen en igualdad de condiciones. Las disposiciones de esta norma se aplicar\u00e1n a las candidatas [&hellip;]<\/p>\n","protected":false},"author":1,"featured_media":3623,"comment_status":"open","ping_status":"open","sticky":false,"template":"","format":"standard","meta":{"_monsterinsights_skip_tracking":false,"_monsterinsights_sitenote_active":false,"_monsterinsights_sitenote_note":"","_monsterinsights_sitenote_category":0,"_jetpack_memberships_contains_paid_content":false,"footnotes":"","jetpack_publicize_message":"","jetpack_publicize_feature_enabled":true,"jetpack_social_post_already_shared":false,"jetpack_social_options":{"image_generator_settings":{"template":"highway","default_image_id":0,"font":"","enabled":false},"version":2}},"categories":[1],"tags":[],"class_list":["post-3622","post","type-post","status-publish","format-standard","has-post-thumbnail","hentry","category-sin-categoria"],"blocksy_meta":[],"jetpack_publicize_connections":[],"jetpack_featured_media_url":"https:\/\/derechosinfronteras.pe\/wp-content\/uploads\/2021\/04\/puno.jpg","jetpack_sharing_enabled":true,"jetpack_likes_enabled":true,"_links":{"self":[{"href":"https:\/\/derechosinfronteras.pe\/ingles\/wp-json\/wp\/v2\/posts\/3622","targetHints":{"allow":["GET"]}}],"collection":[{"href":"https:\/\/derechosinfronteras.pe\/ingles\/wp-json\/wp\/v2\/posts"}],"about":[{"href":"https:\/\/derechosinfronteras.pe\/ingles\/wp-json\/wp\/v2\/types\/post"}],"author":[{"embeddable":true,"href":"https:\/\/derechosinfronteras.pe\/ingles\/wp-json\/wp\/v2\/users\/1"}],"replies":[{"embeddable":true,"href":"https:\/\/derechosinfronteras.pe\/ingles\/wp-json\/wp\/v2\/comments?post=3622"}],"version-history":[{"count":0,"href":"https:\/\/derechosinfronteras.pe\/ingles\/wp-json\/wp\/v2\/posts\/3622\/revisions"}],"wp:featuredmedia":[{"embeddable":true,"href":"https:\/\/derechosinfronteras.pe\/ingles\/wp-json\/wp\/v2\/media\/3623"}],"wp:attachment":[{"href":"https:\/\/derechosinfronteras.pe\/ingles\/wp-json\/wp\/v2\/media?parent=3622"}],"wp:term":[{"taxonomy":"category","embeddable":true,"href":"https:\/\/derechosinfronteras.pe\/ingles\/wp-json\/wp\/v2\/categories?post=3622"},{"taxonomy":"post_tag","embeddable":true,"href":"https:\/\/derechosinfronteras.pe\/ingles\/wp-json\/wp\/v2\/tags?post=3622"}],"curies":[{"name":"wp","href":"https:\/\/api.w.org\/{rel}","templated":true}]}}