{"id":3624,"date":"2021-04-05T12:15:41","date_gmt":"2021-04-05T17:15:41","guid":{"rendered":"http:\/\/derechosinfronteras.pe\/?p=7399"},"modified":"2023-12-28T20:31:51","modified_gmt":"2023-12-29T01:31:51","slug":"la-participacion-politica-y-ciudadana-de-las-mujeres-es-una-agenda-pendiente","status":"publish","type":"post","link":"https:\/\/derechosinfronteras.pe\/ingles\/la-participacion-politica-y-ciudadana-de-las-mujeres-es-una-agenda-pendiente\/","title":{"rendered":"La participaci\u00f3n pol\u00edtica y ciudadana de las mujeres es una agenda pendiente"},"content":{"rendered":"<p>Redacci\u00f3n DHSF<\/p>\n<p><span style=\"font-weight: 400;\">La participaci\u00f3n pol\u00edtica de las mujeres contin\u00faa siendo un reto para el Per\u00fa. En el\u00a0 2021, a\u00f1o electoral, seg\u00fan un informe del Jurado Nacional de Elecciones, solo 98 listas de candidatos, de las 474 que compiten al Congreso de la Rep\u00fablica son encabezadas por una mujer, y por la regi\u00f3n del Cusco hay 53 candidatas.<\/span><\/p>\n<p>&nbsp;<\/p>\n<p><span style=\"font-weight: 400;\">Adem\u00e1s, seg\u00fan un informe realizado por \u201cEl Peruano\u201d, cinco partidos pol\u00edticos tienen a ocho o m\u00e1s mujeres como n\u00famero 1 en sus n\u00f3minas de aspirantes al Legislativo: Frepap (11), Partido Nacionalista Peruano (10), Partido Morado (10), Alianza para el Progreso (8) y Juntos por el Per\u00fa (8).<\/span><\/p>\n<p>&nbsp;<\/p>\n<p><span style=\"font-weight: 400;\">La brecha de participaci\u00f3n de mujeres en los espacios de toma de decisi\u00f3n\u00a0 fue identificada por las mujeres de Espinar y Chumbivilcas, quienes incluyeron la participaci\u00f3n pol\u00edtica y ciudadana como eje 6 en las agendas de la mujer k\u2019ana y chumbivilcana. Ambos documentos son instrumentos de gesti\u00f3n que contemplan las principales problem\u00e1ticas que vulneran los derechos de las mujeres.<\/span><\/p>\n<p>&nbsp;<\/p>\n<p><span style=\"font-weight: 400;\">Cabe mencionar, que la poca participaci\u00f3n pol\u00edtica de las mujeres est\u00e1 limitada por diferentes aspectos como el cuidado de los hijos y las labores dom\u00e9sticas no compartidas y no remuneradas. Sin embargo, su participaci\u00f3n en la toma de decisiones es muy importante para poder visibilizar y posicionar temas que las afectan de manera directa.\u00a0<\/span><\/p>\n<p>&nbsp;<\/p>\n<p><span style=\"font-weight: 400;\">De acuerdo a la <\/span><span style=\"font-weight: 400;\">resoluci\u00f3n sobre la participaci\u00f3n de la mujer en la pol\u00edtica<\/span><span style=\"font-weight: 400;\"> aprobada por la Asamblea General de las Naciones Unidas en 2011, \u201clas mujeres siguen estando marginadas en gran medida de la esfera pol\u00edtica en todo el mundo, a menudo como resultado de leyes, pr\u00e1cticas, actitudes y estereotipos de g\u00e9nero discriminatorios, bajos niveles de educaci\u00f3n, falta de acceso a servicios de atenci\u00f3n sanitaria, y debido a que la pobreza las afecta de manera desproporcionada\u201d.<\/span><\/p>\n<p>&nbsp;<\/p>\n<p><span style=\"font-weight: 400;\">Actualmente, la Constituci\u00f3n Pol\u00edtica del Per\u00fa (1993), establece en los art\u00edculos 2\u00b0 inciso 17 y 31\u00b0, el derecho a la representaci\u00f3n pol\u00edtica de las mujeres y a la participaci\u00f3n, en forma individual o asociada, en los asuntos p\u00fablicos, en la vida pol\u00edtica, econ\u00f3mica, social y cultural de la Naci\u00f3n.\u00a0<\/span><\/p>\n<p>&nbsp;<\/p>\n<p><span style=\"font-weight: 400;\">Asimismo, como parte de la reforma pol\u00edtica promovida por el Poder Ejecutivo desde el 2019, se aprob\u00f3 la alternancia al 50 % y la\u00a0 paridad horizontal a partir de las elecciones del 2021, con el objetivo de buscar la igualdad de oportunidades en la participaci\u00f3n en la pol\u00edtica entre mujeres y varones.\u00a0<\/span><\/p>\n<p><span style=\"font-weight: 400;\">Seg\u00fan la Defensor\u00eda del Pueblo, los \u00edndices de autoridades mujeres elegidas a nivel regional, provincial y distrital en los procesos electorales de 2010 al 2018 fueron m\u00ednimas. As\u00ed, las candidaturas de mujeres a gobernaciones regionales en los tres \u00faltimos procesos electorales, est\u00e1n entre el 4 % y 8 %; las alcald\u00edas provinciales, entre el 6 % y 9 % y las distritales entre el 7 % y 9 %. Las candidatas a las regidur\u00edas provinciales y distritales se encuentran entre el 42 % y 45 %. Mientras que, a nivel de gobernaciones regionales han oscilado entre 0 % y 4 %; las alcald\u00edas provinciales no han superado el 5 % al igual que las distritales y a nivel de regidur\u00edas, provinciales y distritales electas, la cifra oscila entre 24 % y 31 %.<\/span><\/p>\n<p><span style=\"font-weight: 400;\">En la regi\u00f3n del Cusco, no se eligi\u00f3 a ninguna alcaldesa provincial para la gesti\u00f3n 2019 &#8211; 2022. Sin embargo, en el a\u00f1o 2020,<\/span><span style=\"font-weight: 400;\"> Nadia Liz Pallo Arotaipe, de 26 a\u00f1os de edad, inici\u00f3 sus funciones como alcaldesa de la provincia de Chumbivilcas, luego de declararse la vacancia del exalcalde Marcos Ibarra Suarez, investigado por presuntos actos de corrupci\u00f3n.<\/span><\/p>\n<p><span style=\"font-weight: 400;\">Del mismo modo, en las gestiones (2019 &#8211; 2022), solo se eligieron a 3 alcaldesas distritales: Natividad Adrian Cusihuaman Ma\u00f1accasa, Gladys Montalvo Paucar y Marina Nu\u00f1ez Loaiza de los distritos de Cachimayo, Ocobamba y Accha, respectivamente.<\/span><\/p>\n<p><span style=\"font-weight: 400;\">\u00bfQu\u00e9 debemos hacer?<\/span><\/p>\n<p><span style=\"font-weight: 400;\">Dentro de las acciones estrat\u00e9gicas que figuran en el eje 6 en las agendas de la mujer k\u2019ana y chumbivilcana tenemos: Promover y dar cumplimientoa las pol\u00edticas nacionales de paridad y alternancia para la participaci\u00f3n de varones y mujeres en partidos y movimientos pol\u00edticos, promover la elaboraci\u00f3n y\/o actualizaci\u00f3n de estatutos comunales que garantice la participaci\u00f3n de las mujeres en la toma de decisiones comunales, implementar una escuela de formaci\u00f3n pol\u00edtica para mujeres con enfoque de derechos humanos, g\u00e9nero e interculturalidad, capacitar en liderazgo, gesti\u00f3n p\u00fablica y municipal a organizaciones de mujeres y promover e implementar proyectos para el desarrollo de las capacidades econ\u00f3micas, sociales y pol\u00edticas de las mujeres.<\/span><\/p>\n<p><span style=\"font-weight: 400;\">Sin mujeres no hay democracia. En una sociedad tan plural y diversa como el Per\u00fa necesitamos contar con la posibilidad de tener diversidad de voces que nos representen.\u00a0<\/span><\/p>\n<p>&nbsp;<\/p>\n<p><span style=\"font-weight: 400;\">\u00a1Cumplamos las agendas de la mujer k\u2019ana y chumbivilcana ya!<\/span><\/p>","protected":false},"excerpt":{"rendered":"<p>Redacci\u00f3n DHSF La participaci\u00f3n pol\u00edtica de las mujeres contin\u00faa siendo un reto para el Per\u00fa. En el\u00a0 2021, a\u00f1o electoral, seg\u00fan un informe del Jurado Nacional de Elecciones, solo 98 listas de candidatos, de las 474 que compiten al Congreso de la Rep\u00fablica son encabezadas por una mujer, y por la regi\u00f3n del Cusco hay [&hellip;]<\/p>\n","protected":false},"author":1,"featured_media":3625,"comment_status":"open","ping_status":"open","sticky":false,"template":"","format":"standard","meta":{"_monsterinsights_skip_tracking":false,"_monsterinsights_sitenote_active":false,"_monsterinsights_sitenote_note":"","_monsterinsights_sitenote_category":0,"_jetpack_memberships_contains_paid_content":false,"footnotes":"","jetpack_publicize_message":"","jetpack_publicize_feature_enabled":true,"jetpack_social_post_already_shared":false,"jetpack_social_options":{"image_generator_settings":{"template":"highway","default_image_id":0,"font":"","enabled":false},"version":2}},"categories":[1],"tags":[],"class_list":["post-3624","post","type-post","status-publish","format-standard","has-post-thumbnail","hentry","category-sin-categoria"],"blocksy_meta":[],"jetpack_publicize_connections":[],"jetpack_featured_media_url":"https:\/\/derechosinfronteras.pe\/wp-content\/uploads\/2021\/04\/lllllllllllllllllllll.jpg","jetpack_sharing_enabled":true,"jetpack_likes_enabled":true,"_links":{"self":[{"href":"https:\/\/derechosinfronteras.pe\/ingles\/wp-json\/wp\/v2\/posts\/3624","targetHints":{"allow":["GET"]}}],"collection":[{"href":"https:\/\/derechosinfronteras.pe\/ingles\/wp-json\/wp\/v2\/posts"}],"about":[{"href":"https:\/\/derechosinfronteras.pe\/ingles\/wp-json\/wp\/v2\/types\/post"}],"author":[{"embeddable":true,"href":"https:\/\/derechosinfronteras.pe\/ingles\/wp-json\/wp\/v2\/users\/1"}],"replies":[{"embeddable":true,"href":"https:\/\/derechosinfronteras.pe\/ingles\/wp-json\/wp\/v2\/comments?post=3624"}],"version-history":[{"count":1,"href":"https:\/\/derechosinfronteras.pe\/ingles\/wp-json\/wp\/v2\/posts\/3624\/revisions"}],"predecessor-version":[{"id":7028,"href":"https:\/\/derechosinfronteras.pe\/ingles\/wp-json\/wp\/v2\/posts\/3624\/revisions\/7028"}],"wp:featuredmedia":[{"embeddable":true,"href":"https:\/\/derechosinfronteras.pe\/ingles\/wp-json\/wp\/v2\/media\/3625"}],"wp:attachment":[{"href":"https:\/\/derechosinfronteras.pe\/ingles\/wp-json\/wp\/v2\/media?parent=3624"}],"wp:term":[{"taxonomy":"category","embeddable":true,"href":"https:\/\/derechosinfronteras.pe\/ingles\/wp-json\/wp\/v2\/categories?post=3624"},{"taxonomy":"post_tag","embeddable":true,"href":"https:\/\/derechosinfronteras.pe\/ingles\/wp-json\/wp\/v2\/tags?post=3624"}],"curies":[{"name":"wp","href":"https:\/\/api.w.org\/{rel}","templated":true}]}}