{"id":3626,"date":"2021-04-05T10:13:55","date_gmt":"2021-04-05T15:13:55","guid":{"rendered":"http:\/\/derechosinfronteras.pe\/?p=7393"},"modified":"2021-04-05T10:13:55","modified_gmt":"2021-04-05T15:13:55","slug":"a-29-anos-del-autogolpe-de-fujimori-mujeres-victimas-de-esterilizaciones-forzadas-piden-a-la-ciudadania-votar-con-memoria","status":"publish","type":"post","link":"https:\/\/derechosinfronteras.pe\/ingles\/a-29-anos-del-autogolpe-de-fujimori-mujeres-victimas-de-esterilizaciones-forzadas-piden-a-la-ciudadania-votar-con-memoria\/","title":{"rendered":"A 29 a\u00f1os del autogolpe de Fujimori: Mujeres v\u00edctimas de esterilizaciones forzadas piden a la ciudadan\u00eda votar con memoria"},"content":{"rendered":"<p>Nota de prensa<\/p>\n<p>Este 5 de abril se cumplen 29 a\u00f1os del autogolpe de Estado del expresidente Alberto Fujimori, que instaur\u00f3 un gobierno autoritario, continu\u00f3 con la violaci\u00f3n de los derechos humanos, e impuso una econom\u00eda que dej\u00f3 al pa\u00eds con m\u00e1s desigualdad y corrupci\u00f3n, adem\u00e1s de graves problemas de salud y justicia.<\/p>\n<p>El expresidente, quien afronta una condena de 25 a\u00f1os de prisi\u00f3n por los casos de La Cantuta, Barrios Altos, entre otros delitos como corrupci\u00f3n y peculado, a\u00fan debe responder por los 1,307 casos de esterilizadas forzadas ejecutadas durante su gobierno como parte del Programa de Salud Reproductiva y Planificaci\u00f3n Nacional 1996 &#8211; 2000.<\/p>\n<p>Ante ello, las asociaciones de mujeres v\u00edctimas de las esterilizaciones forzadas invocan a la ciudadan\u00eda a votar con memoria, y m\u00e1s ahora que la candidata Keiko Fujimori, hija del dictador Alberto Fujimori, viene utilizando la imagen de su padre como bandera de campa\u00f1a, as\u00ed como refiri\u00e9ndose a sus cr\u00edmenes de lesa humanidad como supuestas acciones que contribuyeron al desarrollo econ\u00f3mico del pa\u00eds, lo que es falso, y evidencia de ello es que se encuentra privado de su libertad.<\/p>\n<p>Tras m\u00e1s de 20 a\u00f1os de los casos de las esterilizaciones forzadas, en marzo de este a\u00f1o iniciaron las audiencias de sustentaci\u00f3n de cargos contra Fujimori, sus exministros Marino Costa Bauer y Alejandro Aguinaga, entre otros funcionarios involucrados.<\/p>\n<p>\u201cEl juez Rafael Mart\u00edn Mart\u00ednez debe abrir investigaci\u00f3n judicial. Esta debe hacerse de forma r\u00e1pida y concluir en que se trat\u00f3 de un crimen de lesa humanidad y con ello, se acuse a todos los autores para que vayan a juicio, que las v\u00edctimas llevan esperando m\u00e1s de 20 a\u00f1os\u201d sostuvo Mar\u00eda Ysabel Cedano, abogada de Demus y coordinadora del Grupo de Seguimiento a las Reparaciones por Esterilizaciones Forzadas (GREF).<\/p>\n<p>Hoy d\u00eda tambi\u00e9n recordamos a Mam\u00e9rita Mestanza Ch\u00e1vez y Celia Ramos, ambas v\u00edctimas de una pol\u00edtica que las esteriliz\u00f3 sin su consentimiento, violando sus libertades y derechos reproductivos y caus\u00e1ndoles la muerte. Un 5 de abril, hace 23 a\u00f1os, le ligaron las trompas a Mam\u00e9rita Mestanza bajo amenaza por ser pobre, ind\u00edgena, quechuahablante, campesina y tener 7 hijas e hijos. Un 3 de abril de 1997, se le practic\u00f3 este mismo procedimiento a Celia Ramos, que provoc\u00f3 su muerte. Sus hijas est\u00e1n luchando por justicia en sede nacional e internacional.<\/p>\n<p>Con relaci\u00f3n a las reparaciones integrales, este a\u00f1o el Congreso promulg\u00f3 la modificatoria de la Ley PIR (Plan Integral de Reparaciones) Ley N\u00b0 31119 que reconoce, despu\u00e9s de casi dos d\u00e9cadas, a las v\u00edctimas de violencia sexual en sus diversas formas entre 1980 y 2000 que conforme derechos humanos incluyen los casos de esterilizaciones forzadas.<\/p>\n<p>\u201cPese a la aprobaci\u00f3n de la Ley 31119, se contin\u00faa vulnerando el derecho a las reparaciones integrales para las v\u00edctimas. Las hijas e hijos de Mam\u00e9rita Mestanza Ch\u00e1vez, exigen acceso al programa de reparaciones para todas las v\u00edctimas y que el Estado peruano cumpla con la reparaci\u00f3n en educaci\u00f3n, indic\u00f3 Milton Campos, abogado de Demus.<\/p>\n<p><em><span style=\"font-weight: 400;\">\u00a1Por verdad, justicia y reparaciones integrales #FujimoriNuncaM\u00e1s!<\/span><\/em><\/p>\n<p>&nbsp;<\/p>","protected":false},"excerpt":{"rendered":"<p>Nota de prensa Este 5 de abril se cumplen 29 a\u00f1os del autogolpe de Estado del expresidente Alberto Fujimori, que instaur\u00f3 un gobierno autoritario, continu\u00f3 con la violaci\u00f3n de los derechos humanos, e impuso una econom\u00eda que dej\u00f3 al pa\u00eds con m\u00e1s desigualdad y corrupci\u00f3n, adem\u00e1s de graves problemas de salud y justicia. El expresidente, [&hellip;]<\/p>\n","protected":false},"author":1,"featured_media":3627,"comment_status":"open","ping_status":"open","sticky":false,"template":"","format":"standard","meta":{"_monsterinsights_skip_tracking":false,"_monsterinsights_sitenote_active":false,"_monsterinsights_sitenote_note":"","_monsterinsights_sitenote_category":0,"_jetpack_memberships_contains_paid_content":false,"footnotes":"","jetpack_publicize_message":"","jetpack_publicize_feature_enabled":true,"jetpack_social_post_already_shared":false,"jetpack_social_options":{"image_generator_settings":{"template":"highway","default_image_id":0,"font":"","enabled":false},"version":2}},"categories":[1],"tags":[],"class_list":["post-3626","post","type-post","status-publish","format-standard","has-post-thumbnail","hentry","category-sin-categoria"],"blocksy_meta":[],"jetpack_publicize_connections":[],"jetpack_featured_media_url":"https:\/\/derechosinfronteras.pe\/wp-content\/uploads\/2021\/04\/AUTO-GOLPE-FINAL.jpg","jetpack_sharing_enabled":true,"jetpack_likes_enabled":true,"_links":{"self":[{"href":"https:\/\/derechosinfronteras.pe\/ingles\/wp-json\/wp\/v2\/posts\/3626","targetHints":{"allow":["GET"]}}],"collection":[{"href":"https:\/\/derechosinfronteras.pe\/ingles\/wp-json\/wp\/v2\/posts"}],"about":[{"href":"https:\/\/derechosinfronteras.pe\/ingles\/wp-json\/wp\/v2\/types\/post"}],"author":[{"embeddable":true,"href":"https:\/\/derechosinfronteras.pe\/ingles\/wp-json\/wp\/v2\/users\/1"}],"replies":[{"embeddable":true,"href":"https:\/\/derechosinfronteras.pe\/ingles\/wp-json\/wp\/v2\/comments?post=3626"}],"version-history":[{"count":0,"href":"https:\/\/derechosinfronteras.pe\/ingles\/wp-json\/wp\/v2\/posts\/3626\/revisions"}],"wp:featuredmedia":[{"embeddable":true,"href":"https:\/\/derechosinfronteras.pe\/ingles\/wp-json\/wp\/v2\/media\/3627"}],"wp:attachment":[{"href":"https:\/\/derechosinfronteras.pe\/ingles\/wp-json\/wp\/v2\/media?parent=3626"}],"wp:term":[{"taxonomy":"category","embeddable":true,"href":"https:\/\/derechosinfronteras.pe\/ingles\/wp-json\/wp\/v2\/categories?post=3626"},{"taxonomy":"post_tag","embeddable":true,"href":"https:\/\/derechosinfronteras.pe\/ingles\/wp-json\/wp\/v2\/tags?post=3626"}],"curies":[{"name":"wp","href":"https:\/\/api.w.org\/{rel}","templated":true}]}}