{"id":3637,"date":"2021-03-22T15:20:20","date_gmt":"2021-03-22T20:20:20","guid":{"rendered":"http:\/\/derechosinfronteras.pe\/?p=7362"},"modified":"2021-03-22T15:20:20","modified_gmt":"2021-03-22T20:20:20","slug":"espinar-se-moviliza-en-rechazo-a-la-suspension-de-la-instalacion-de-la-mesa-de-dialogo","status":"publish","type":"post","link":"https:\/\/derechosinfronteras.pe\/ingles\/espinar-se-moviliza-en-rechazo-a-la-suspension-de-la-instalacion-de-la-mesa-de-dialogo\/","title":{"rendered":"Espinar se moviliza en rechazo a la suspensi\u00f3n de la instalaci\u00f3n de la mesa de di\u00e1logo"},"content":{"rendered":"<p><span style=\"font-weight: 400;\">La provincia de Espinar realiz\u00f3 una protesta pac\u00edfica en rechazo al oficio m\u00faltiple emitido por\u00a0 la Presidencia del Consejo de Ministros, en el cual anunci\u00f3 la postergaci\u00f3n de la fecha de instalaci\u00f3n de la mesa de di\u00e1logo prevista para este lunes 22 de marzo.\u00a0<\/span><\/p>\n<p><span style=\"font-weight: 400;\">En respuesta, las autoridades y la sociedad civil de la provincia de Espinar emitieron un comunicado anunciando una marcha pac\u00edfica exigiendo la inmediata instalaci\u00f3n de la mesa y ratificando su predisposici\u00f3n por el di\u00e1logo presencial con el Estado y la empresa minera Antapaccay.<\/span><\/p>\n<p><span style=\"font-weight: 400;\">Asimismo, exigen la participaci\u00f3n p\u00fablica y presencial de las diferentes organizaciones sociales de base, representantes comunales, frentes de defensa de los distritos de Espinar, funcionarios ejecutivos con facultades resolutivas por parte del Estado y la empresa minera.<\/span><\/p>\n<p><span style=\"font-weight: 400;\">Por otro lado, las organizaciones sociales de base y los diferentes representantes de\u00a0 las\u00a0 comunidades (Hatun Airaccollana, Airaccollana, Alto Airaccollana, Auqsrani, Challki, Chollorota) <\/span><span style=\"font-weight: 400;\">exigieron<\/span><span style=\"font-weight: 400;\"> la participaci\u00f3n del alcalde <\/span><span style=\"font-weight: 400;\">Lolo Arenas Armend\u00e1riz, Quien se neg\u00f3 a dialogar con los dirigentes <\/span><span style=\"font-weight: 400;\">sobre el mantenimiento y ampliaci\u00f3n del agua que afectar\u00eda a las comunidades.<\/span><\/p>\n<p>&nbsp;<\/p>\n<p><img fetchpriority=\"high\" decoding=\"async\" class=\"wp-image-7364 aligncenter\" src=\"http:\/\/derechosinfronteras.pe\/wp-content\/uploads\/2021\/03\/OFICIO-MULTIPLE-000054-2021-SSGC_page-0001-724x1024.jpg\" alt=\"\" width=\"672\" height=\"950\" \/><\/p>\n<p>&nbsp;<\/p>\n<p><img decoding=\"async\" class=\"size-large wp-image-7365 aligncenter\" src=\"http:\/\/derechosinfronteras.pe\/wp-content\/uploads\/2021\/03\/OFICIO-MULTIPLE-000054-2021-SSGC_page-0002-724x1024.jpg\" alt=\"\" width=\"715\" height=\"1011\" \/><\/p>\n<p>&nbsp;<\/p>\n<p><img decoding=\"async\" class=\"wp-image-7366 aligncenter\" src=\"http:\/\/derechosinfronteras.pe\/wp-content\/uploads\/2021\/03\/espinarrrrrrrrrrrrrr1.jpg\" alt=\"\" width=\"437\" height=\"563\" \/><\/p>","protected":false},"excerpt":{"rendered":"<p>La provincia de Espinar realiz\u00f3 una protesta pac\u00edfica en rechazo al oficio m\u00faltiple emitido por\u00a0 la Presidencia del Consejo de Ministros, en el cual anunci\u00f3 la postergaci\u00f3n de la fecha de instalaci\u00f3n de la mesa de di\u00e1logo prevista para este lunes 22 de marzo.\u00a0 En respuesta, las autoridades y la sociedad civil de la provincia [&hellip;]<\/p>\n","protected":false},"author":1,"featured_media":3638,"comment_status":"open","ping_status":"open","sticky":false,"template":"","format":"standard","meta":{"_monsterinsights_skip_tracking":false,"_monsterinsights_sitenote_active":false,"_monsterinsights_sitenote_note":"","_monsterinsights_sitenote_category":0,"_jetpack_memberships_contains_paid_content":false,"footnotes":"","jetpack_publicize_message":"","jetpack_publicize_feature_enabled":true,"jetpack_social_post_already_shared":false,"jetpack_social_options":{"image_generator_settings":{"template":"highway","default_image_id":0,"font":"","enabled":false},"version":2}},"categories":[1],"tags":[],"class_list":["post-3637","post","type-post","status-publish","format-standard","has-post-thumbnail","hentry","category-sin-categoria"],"blocksy_meta":[],"jetpack_publicize_connections":[],"jetpack_featured_media_url":"https:\/\/derechosinfronteras.pe\/wp-content\/uploads\/2021\/03\/ESPINAR.jpg","jetpack_sharing_enabled":true,"jetpack_likes_enabled":true,"_links":{"self":[{"href":"https:\/\/derechosinfronteras.pe\/ingles\/wp-json\/wp\/v2\/posts\/3637","targetHints":{"allow":["GET"]}}],"collection":[{"href":"https:\/\/derechosinfronteras.pe\/ingles\/wp-json\/wp\/v2\/posts"}],"about":[{"href":"https:\/\/derechosinfronteras.pe\/ingles\/wp-json\/wp\/v2\/types\/post"}],"author":[{"embeddable":true,"href":"https:\/\/derechosinfronteras.pe\/ingles\/wp-json\/wp\/v2\/users\/1"}],"replies":[{"embeddable":true,"href":"https:\/\/derechosinfronteras.pe\/ingles\/wp-json\/wp\/v2\/comments?post=3637"}],"version-history":[{"count":0,"href":"https:\/\/derechosinfronteras.pe\/ingles\/wp-json\/wp\/v2\/posts\/3637\/revisions"}],"wp:featuredmedia":[{"embeddable":true,"href":"https:\/\/derechosinfronteras.pe\/ingles\/wp-json\/wp\/v2\/media\/3638"}],"wp:attachment":[{"href":"https:\/\/derechosinfronteras.pe\/ingles\/wp-json\/wp\/v2\/media?parent=3637"}],"wp:term":[{"taxonomy":"category","embeddable":true,"href":"https:\/\/derechosinfronteras.pe\/ingles\/wp-json\/wp\/v2\/categories?post=3637"},{"taxonomy":"post_tag","embeddable":true,"href":"https:\/\/derechosinfronteras.pe\/ingles\/wp-json\/wp\/v2\/tags?post=3637"}],"curies":[{"name":"wp","href":"https:\/\/api.w.org\/{rel}","templated":true}]}}