{"id":3646,"date":"2021-03-16T19:27:30","date_gmt":"2021-03-17T00:27:30","guid":{"rendered":"http:\/\/derechosinfronteras.pe\/?p=7347"},"modified":"2021-03-16T19:27:30","modified_gmt":"2021-03-17T00:27:30","slug":"mujeres-peruanas-afectadas-por-las-esterilizaciones-forzadas-exigen-reanudacion-de-audiencia-judicial","status":"publish","type":"post","link":"https:\/\/derechosinfronteras.pe\/ingles\/mujeres-peruanas-afectadas-por-las-esterilizaciones-forzadas-exigen-reanudacion-de-audiencia-judicial\/","title":{"rendered":"Mujeres peruanas afectadas por las esterilizaciones forzadas exigen reanudaci\u00f3n de audiencia judicial"},"content":{"rendered":"<p><b>Redacci\u00f3n DHSF<\/b><\/p>\n<p><span style=\"font-weight: 400;\">La Asociaci\u00f3n de Mujeres Peruanas Afectadas por las Esterilizaciones Forzadas, mediante una carta abierta dirigida a las autoridades nacionales, exige la reanudaci\u00f3n de la audiencia de sustentaci\u00f3n de cargos, la cual fue suspendida por razones que a\u00fan se desconocen.\u00a0<\/span><\/p>\n<p><span style=\"font-weight: 400;\">El juez Rafael Mart\u00ednez debe fijar la fecha y hora de la diligencia judicial contra Alberto Fujimori y exministros Marino Costa Bauer, Eduardo Yong Motta, Alejandro Aguinaga, entre otros. Adem\u00e1s, el Estado tiene que garantizar el debido proceso y asegurar la presencia de traductores, a trav\u00e9s del Ministerio de Justicia y el Ministerio de Cultura.<\/span><\/p>\n<p><span style=\"font-weight: 400;\">En la carta tambi\u00e9n se asegura que no se ha confirmado la presencia de int\u00e9rpretes a pesar de que al inicio del proceso se realizaron m\u00faltiples gestiones ante el Ministerio de Justicia para que se garanticen las traducciones.<\/span><\/p>\n<p><span style=\"font-weight: 400;\">Cabe recalcar que, luego de 16 a\u00f1os de investigaciones en la Fiscal\u00eda de la Naci\u00f3n, en 2018, se realiz\u00f3 la denuncia del caso de las esterilizaciones forzadas ante el Poder Judicial y se convoc\u00f3 a la primera audiencia de control de cargos para el 11 de enero de 2021, esta fue suspendida por no contar con traductores del idioma quechua. Dicha audiencia se reanud\u00f3 dos meses despu\u00e9s, el 1, 2 y 3 de marzo, cuya fecha de continuidad estaba prevista para el 15 de marzo. Sin embargo, fue suspendida sin fecha de reprogramaci\u00f3n.\u00a0<\/span><\/p>\n<p><span style=\"font-weight: 400;\">\u201cEstamos comunicando esta situaci\u00f3n a los organismos internacionales de la Organizaci\u00f3n de Naciones Unidas como la CEDAW, el Comit\u00e9 contra la Discriminaci\u00f3n y la Comisi\u00f3n Interamericana de Derechos Humanos, CIDH\u201d, se lee en el documento.\u00a0<\/span><\/p>\n<p><span style=\"font-weight: 400;\">Sobre acceso a las reparaciones por violencia sexual, Ley N\u00b0 31119 (ampliaci\u00f3n de la Ley PIR 28592), el Consejo de Reparaciones del Ministerio de Justicia y Derechos Humanos indic\u00f3 que las mujeres afectadas por las esterilizaciones forzadas no tienen derecho a las indemnizaciones, motivo por el cual la asociaci\u00f3n est\u00e1 evaluando\u00a0 la posibilidad de seguir llevando su denuncia y casos a fueros internacionales, debido a la lentitud de la justicia peruana y la poca preocupaci\u00f3n de las instancias estatales. Asimismo, solicitan que\u00a0 la Defensor\u00eda del Pueblo intervenga en el monitoreo de las audiencias y atenci\u00f3n de salud f\u00edsica y mental.<\/span><\/p>\n<p><span style=\"font-weight: 400;\">Finalmente, la asociaci\u00f3n hizo un llamado a los organismos nacionales e internacionales de derechos humanos para monitorear las audiencias y el debido proceso.<\/span><\/p>\n<p><span style=\"font-weight: 400;\">Por su parte, a trav\u00e9s de su fanpage, Amnist\u00eda Internacional manifest\u00f3 su preocupaci\u00f3n por la nueva suspensi\u00f3n de la audiencia judicial y exigi\u00f3 la reanudaci\u00f3n del proceso<\/span><span style=\"font-weight: 400;\"> lo m\u00e1s pronto.<\/span><\/p>","protected":false},"excerpt":{"rendered":"<p>Redacci\u00f3n DHSF La Asociaci\u00f3n de Mujeres Peruanas Afectadas por las Esterilizaciones Forzadas, mediante una carta abierta dirigida a las autoridades nacionales, exige la reanudaci\u00f3n de la audiencia de sustentaci\u00f3n de cargos, la cual fue suspendida por razones que a\u00fan se desconocen.\u00a0 El juez Rafael Mart\u00ednez debe fijar la fecha y hora de la diligencia judicial [&hellip;]<\/p>\n","protected":false},"author":1,"featured_media":3647,"comment_status":"open","ping_status":"open","sticky":false,"template":"","format":"standard","meta":{"_monsterinsights_skip_tracking":false,"_monsterinsights_sitenote_active":false,"_monsterinsights_sitenote_note":"","_monsterinsights_sitenote_category":0,"_jetpack_memberships_contains_paid_content":false,"footnotes":"","jetpack_publicize_message":"","jetpack_publicize_feature_enabled":true,"jetpack_social_post_already_shared":false,"jetpack_social_options":{"image_generator_settings":{"template":"highway","default_image_id":0,"font":"","enabled":false},"version":2}},"categories":[1],"tags":[],"class_list":["post-3646","post","type-post","status-publish","format-standard","has-post-thumbnail","hentry","category-sin-categoria"],"blocksy_meta":[],"jetpack_publicize_connections":[],"jetpack_featured_media_url":"https:\/\/derechosinfronteras.pe\/wp-content\/uploads\/2021\/03\/6.jpg","jetpack_sharing_enabled":true,"jetpack_likes_enabled":true,"_links":{"self":[{"href":"https:\/\/derechosinfronteras.pe\/ingles\/wp-json\/wp\/v2\/posts\/3646","targetHints":{"allow":["GET"]}}],"collection":[{"href":"https:\/\/derechosinfronteras.pe\/ingles\/wp-json\/wp\/v2\/posts"}],"about":[{"href":"https:\/\/derechosinfronteras.pe\/ingles\/wp-json\/wp\/v2\/types\/post"}],"author":[{"embeddable":true,"href":"https:\/\/derechosinfronteras.pe\/ingles\/wp-json\/wp\/v2\/users\/1"}],"replies":[{"embeddable":true,"href":"https:\/\/derechosinfronteras.pe\/ingles\/wp-json\/wp\/v2\/comments?post=3646"}],"version-history":[{"count":0,"href":"https:\/\/derechosinfronteras.pe\/ingles\/wp-json\/wp\/v2\/posts\/3646\/revisions"}],"wp:featuredmedia":[{"embeddable":true,"href":"https:\/\/derechosinfronteras.pe\/ingles\/wp-json\/wp\/v2\/media\/3647"}],"wp:attachment":[{"href":"https:\/\/derechosinfronteras.pe\/ingles\/wp-json\/wp\/v2\/media?parent=3646"}],"wp:term":[{"taxonomy":"category","embeddable":true,"href":"https:\/\/derechosinfronteras.pe\/ingles\/wp-json\/wp\/v2\/categories?post=3646"},{"taxonomy":"post_tag","embeddable":true,"href":"https:\/\/derechosinfronteras.pe\/ingles\/wp-json\/wp\/v2\/tags?post=3646"}],"curies":[{"name":"wp","href":"https:\/\/api.w.org\/{rel}","templated":true}]}}