{"id":3648,"date":"2021-03-15T15:16:46","date_gmt":"2021-03-15T20:16:46","guid":{"rendered":"http:\/\/derechosinfronteras.pe\/?p=7343"},"modified":"2021-03-15T15:16:46","modified_gmt":"2021-03-15T20:16:46","slug":"comunicar-con-enfoque-de-genero-el-desafio-de-los-medios-de-comunicacion","status":"publish","type":"post","link":"https:\/\/derechosinfronteras.pe\/ingles\/comunicar-con-enfoque-de-genero-el-desafio-de-los-medios-de-comunicacion\/","title":{"rendered":"Comunicar con enfoque de g\u00e9nero: El desaf\u00edo de los medios de comunicaci\u00f3n"},"content":{"rendered":"<p style=\"text-align: right;\"><strong>Yulissa Casana Mu\u00f1oz \u2013 \u00e1rea de Comunicaci\u00f3n, Incidencia y G\u00e9nero<\/strong><\/p>\n<p>A prop\u00f3sito del mes del D\u00eda Internacional de la Mujer, \u00bfcu\u00e1l es la responsabilidad de los medios de comunicaci\u00f3n con la igualdad de g\u00e9nero?<\/p>\n<p>El periodismo es pasi\u00f3n y a la vez es compromiso con la justicia social. En plena era digital, la actualizaci\u00f3n e inmediatez juegan un papel importante en la difusi\u00f3n de noticias en el menor tiempo posible. Sin embargo, en el camino existen vac\u00edos que hacen dif\u00edcil realizar un tratamiento informativo adecuado en ciertas noticias que involucran la dignidad de las personas.<\/p>\n<p>Por ejemplo, los mensajes informativos sobre violencia de g\u00e9nero suelen contextualizar un espect\u00e1culo y no una problem\u00e1tica social. A trav\u00e9s del lenguaje y las im\u00e1genes, se legitiman patrones socioculturales, se construyen imaginarios sociales y opini\u00f3n que contribuyen a una normalizaci\u00f3n de la desigualdad entre g\u00e9neros.<\/p>\n<p>La mayor\u00eda de los casos de violencia sexual, acoso, feminicidio, entre otros, son tratados como hechos aislados pese a que son la expresi\u00f3n de un sistema que vulnera los derechos de las mujeres de forma cotidiana. Hace unas semanas la polic\u00eda captur\u00f3 a un hombre acusado de feminicidio y secuestro al que apodaron \u00abMonstruo de Urubamba\u201d. La prensa inmediatamente inform\u00f3 sobre lo sucedido sin detenerse a reflexionar. Inconscientemente, present\u00f3 al sujeto en la noticia como un inadaptado cuando bien sabemos que los agresores viven en la propia casa de la v\u00edctima; son el familiar, el vecino, el profesor, el amigo que act\u00faa con impunidad. No hay que caer en el sensacionalismo ya que las noticias son la representaci\u00f3n medi\u00e1tica de la realidad.<\/p>\n<p>Tambi\u00e9n muchas veces los medios de comunicaci\u00f3n revictimizan a las mujeres a trav\u00e9s de im\u00e1genes y la descripci\u00f3n de los hechos que las ponen en una posici\u00f3n m\u00e1s vulnerable al dudar de su testimonio y culpabilizarlas; al difundir datos privados y exponer a sus familiares. Es necesario crear mensajes considerando el impacto diferenciado que genera un mismo hecho en los hombres y las mujeres. A menudo se estigmatiza a la v\u00edctima, m\u00e1s a\u00fan cuando se trata de la comunidad LGTBIQ invisibilizada tanto en los medios de comunicaci\u00f3n como en la sociedad peruana.<\/p>\n<p>En ese sentido, urge informar desde una perspectiva de g\u00e9nero, la cual es una herramienta anal\u00edtica y metodol\u00f3gica que contribuye a las relaciones de g\u00e9nero equitativas y justas y reconoce la existencia de otras discriminaciones y desigualdades derivadas del origen \u00e9tnico, social, orientaci\u00f3n sexual, identidad de g\u00e9nero, edad, entre otros [1].<\/p>\n<p>Las noticias deben ser abordadas en b\u00fasqueda de la igualdad; no para promover prejuicios que afirmen actitudes discriminatorias por g\u00e9nero. Esto significa despertar inter\u00e9s en la opini\u00f3n p\u00fablica sobre este tema, generar debates, visibilizar situaciones de violaci\u00f3n de los derechos fundamentales y alternativas a la problem\u00e1tica. Adem\u00e1s de realizar un tratamiento informativo m\u00e1s cr\u00edtico a las relaciones de poder y desigualdad, incluir a las diversidades, seleccionar fuentes de igual n\u00famero de mujeres y varones para favorecer la pluralidad de representaciones, usar un lenguaje inclusivo y evitar difundir im\u00e1genes que sexualicen y\/o cosifiquen a las mujeres [2].<\/p>\n<p>No hay \u00fanica regla para comunicar con enfoque de g\u00e9nero. Hay distintas pautas que apuestan por el cambio de patrones socioculturales reproductores de la desigualdad. Esto se ha convertido en una demanda social generada por la nueva ola del feminismo que va m\u00e1s all\u00e1 del tratamiento informativo en casos de violencia de g\u00e9nero.<\/p>\n<p>Si bien el Per\u00fa tiene avances a favor de la igualdad de g\u00e9nero, todav\u00eda hay un largo camino por recorrer para alcanzar las metas del quinto objetivo de desarrollo sostenible (igualdad de g\u00e9nero).\u00a0 Tampoco se trata de responsabilizar a las\/los periodistas de lo que sucede, pero -en aras de la verdad- ejercen influencia en diferentes grados. El desaf\u00edo por hacer un buen periodismo es grande. Actuemos con mayor responsabilidad y compromiso. No hay duda que el periodismo puede ser la m\u00e1s noble de las profesiones o el m\u00e1s vil de los oficios, tal como lo dijo alguna vez Luis Mir\u00f3 Quesada.<\/p>\n<p><strong>Fuentes bibliogr\u00e1ficas<\/strong><\/p>\n<p>[1] Ministerio de la Mujer y Poblaciones Vulnerables (2014). Conceptos Fundamentales para la Transversalizaci\u00f3n del Enfoque de G\u00e9nero. Recuperado de https:\/\/www.mimp.gob.pe\/files\/direcciones\/dcteg\/Folleto-Conceptos-Fundamentos-en%20TEG_MIMP-DGTEG-DASI.pdf<\/p>\n<p>[2] Alberti Garfias, Gloria, Lagos Lira, Claudia, Maluenda Merino, Mar\u00eda Teresa y Uranga Harboe, Victoria (2010). Por un periodismo no sexista: pautas para comunicar desde una perspectiva de g\u00e9nero en Chile. Recuperado de https:\/\/unesdoc.unesco.org\/ark:\/48223\/pf0000190143<\/p>\n","protected":false},"excerpt":{"rendered":"<p>Yulissa Casana Mu\u00f1oz \u2013 \u00e1rea de Comunicaci\u00f3n, Incidencia y G\u00e9nero A prop\u00f3sito del mes del D\u00eda Internacional de la Mujer, \u00bfcu\u00e1l es la responsabilidad de los medios de comunicaci\u00f3n con la igualdad de g\u00e9nero? El periodismo es pasi\u00f3n y a la vez es compromiso con la justicia social. En plena era digital, la actualizaci\u00f3n e [&hellip;]<\/p>\n","protected":false},"author":1,"featured_media":3649,"comment_status":"open","ping_status":"open","sticky":false,"template":"","format":"standard","meta":{"_monsterinsights_skip_tracking":false,"_monsterinsights_sitenote_active":false,"_monsterinsights_sitenote_note":"","_monsterinsights_sitenote_category":0,"_jetpack_memberships_contains_paid_content":false,"footnotes":"","jetpack_publicize_message":"","jetpack_publicize_feature_enabled":true,"jetpack_social_post_already_shared":false,"jetpack_social_options":{"image_generator_settings":{"template":"highway","default_image_id":0,"font":"","enabled":false},"version":2}},"categories":[1],"tags":[],"class_list":["post-3648","post","type-post","status-publish","format-standard","has-post-thumbnail","hentry","category-sin-categoria"],"blocksy_meta":[],"jetpack_publicize_connections":[],"jetpack_featured_media_url":"https:\/\/derechosinfronteras.pe\/wp-content\/uploads\/2021\/03\/perspectiva-de-genero.jpg","jetpack_sharing_enabled":true,"jetpack_likes_enabled":true,"_links":{"self":[{"href":"https:\/\/derechosinfronteras.pe\/ingles\/wp-json\/wp\/v2\/posts\/3648","targetHints":{"allow":["GET"]}}],"collection":[{"href":"https:\/\/derechosinfronteras.pe\/ingles\/wp-json\/wp\/v2\/posts"}],"about":[{"href":"https:\/\/derechosinfronteras.pe\/ingles\/wp-json\/wp\/v2\/types\/post"}],"author":[{"embeddable":true,"href":"https:\/\/derechosinfronteras.pe\/ingles\/wp-json\/wp\/v2\/users\/1"}],"replies":[{"embeddable":true,"href":"https:\/\/derechosinfronteras.pe\/ingles\/wp-json\/wp\/v2\/comments?post=3648"}],"version-history":[{"count":0,"href":"https:\/\/derechosinfronteras.pe\/ingles\/wp-json\/wp\/v2\/posts\/3648\/revisions"}],"wp:featuredmedia":[{"embeddable":true,"href":"https:\/\/derechosinfronteras.pe\/ingles\/wp-json\/wp\/v2\/media\/3649"}],"wp:attachment":[{"href":"https:\/\/derechosinfronteras.pe\/ingles\/wp-json\/wp\/v2\/media?parent=3648"}],"wp:term":[{"taxonomy":"category","embeddable":true,"href":"https:\/\/derechosinfronteras.pe\/ingles\/wp-json\/wp\/v2\/categories?post=3648"},{"taxonomy":"post_tag","embeddable":true,"href":"https:\/\/derechosinfronteras.pe\/ingles\/wp-json\/wp\/v2\/tags?post=3648"}],"curies":[{"name":"wp","href":"https:\/\/api.w.org\/{rel}","templated":true}]}}