{"id":3652,"date":"2021-03-10T14:52:26","date_gmt":"2021-03-10T19:52:26","guid":{"rendered":"http:\/\/derechosinfronteras.pe\/?p=7333"},"modified":"2021-03-10T14:52:26","modified_gmt":"2021-03-10T19:52:26","slug":"autoridades-politicas-y-comunales-de-la-provincia-de-espinar-demandan-la-declaratoria-de-emergencia-agraria-al-midagri","status":"publish","type":"post","link":"https:\/\/derechosinfronteras.pe\/ingles\/autoridades-politicas-y-comunales-de-la-provincia-de-espinar-demandan-la-declaratoria-de-emergencia-agraria-al-midagri\/","title":{"rendered":"Espinar demanda se declare emergencia agraria al MIDAGRI"},"content":{"rendered":"<p>Redacci\u00f3n DHSF<\/p>\n<p>El d\u00eda de hoy 10 de marzo del 2021, en el local de la Federaci\u00f3n Unificada de Campesinas de Espinar, se desarroll\u00f3 una reuni\u00f3n de las 82 comunidades campesinas y originarias y las autoridades pol\u00edticas de la provincia de Espinar con la participaci\u00f3n del alcalde provincial, alcaldes distritales y el director de la agencia agraria de Espinar con la \u00fanica agenda de evaluar y exigir la declaratoria de\u00a0 emergencia agraria tras haber sido azotados por las inclemencias del tiempo (sequ\u00edas prolongadas, granizadas y heladas), generando la p\u00e9rdida de cultivos como pap\u00e1, quinua, ca\u00f1ihua y forrajes de avena comprometiendo seriamente la producci\u00f3n familiar y la seguridad alimentaria en el campo.<\/p>\n<p>Las conclusiones arribadas son: la exigencia de declaratoria de emergencia agraria ante MIDAGRI, La MPE iniciar\u00e1 una atenci\u00f3n inmediata del campo con abonos foliares y pesticidas destinando un presupuesto de 40 mil soles y realizaci\u00f3n de evaluaci\u00f3n de perdidas de forrajes de avena con dos especialistas para priorizar la compra de forrajes de avena. As\u00ed mismo el alcalde se compromete en dotar semillas de pap\u00e1, quinua y ca\u00f1ihua para la campa\u00f1a agr\u00edcola del a\u00f1o a trav\u00e9s de un proyecto de cultivos andinos.<\/p>","protected":false},"excerpt":{"rendered":"<p>Redacci\u00f3n DHSF El d\u00eda de hoy 10 de marzo del 2021, en el local de la Federaci\u00f3n Unificada de Campesinas de Espinar, se desarroll\u00f3 una reuni\u00f3n de las 82 comunidades campesinas y originarias y las autoridades pol\u00edticas de la provincia de Espinar con la participaci\u00f3n del alcalde provincial, alcaldes distritales y el director de la [&hellip;]<\/p>\n","protected":false},"author":1,"featured_media":3653,"comment_status":"open","ping_status":"open","sticky":false,"template":"","format":"standard","meta":{"_monsterinsights_skip_tracking":false,"_monsterinsights_sitenote_active":false,"_monsterinsights_sitenote_note":"","_monsterinsights_sitenote_category":0,"_jetpack_memberships_contains_paid_content":false,"footnotes":"","jetpack_publicize_message":"","jetpack_publicize_feature_enabled":true,"jetpack_social_post_already_shared":false,"jetpack_social_options":{"image_generator_settings":{"template":"highway","default_image_id":0,"font":"","enabled":false},"version":2}},"categories":[1],"tags":[],"class_list":["post-3652","post","type-post","status-publish","format-standard","has-post-thumbnail","hentry","category-sin-categoria"],"blocksy_meta":[],"jetpack_publicize_connections":[],"jetpack_featured_media_url":"https:\/\/derechosinfronteras.pe\/wp-content\/uploads\/2021\/03\/plantilla-notas-web.jpg","jetpack_sharing_enabled":true,"jetpack_likes_enabled":true,"_links":{"self":[{"href":"https:\/\/derechosinfronteras.pe\/ingles\/wp-json\/wp\/v2\/posts\/3652","targetHints":{"allow":["GET"]}}],"collection":[{"href":"https:\/\/derechosinfronteras.pe\/ingles\/wp-json\/wp\/v2\/posts"}],"about":[{"href":"https:\/\/derechosinfronteras.pe\/ingles\/wp-json\/wp\/v2\/types\/post"}],"author":[{"embeddable":true,"href":"https:\/\/derechosinfronteras.pe\/ingles\/wp-json\/wp\/v2\/users\/1"}],"replies":[{"embeddable":true,"href":"https:\/\/derechosinfronteras.pe\/ingles\/wp-json\/wp\/v2\/comments?post=3652"}],"version-history":[{"count":0,"href":"https:\/\/derechosinfronteras.pe\/ingles\/wp-json\/wp\/v2\/posts\/3652\/revisions"}],"wp:featuredmedia":[{"embeddable":true,"href":"https:\/\/derechosinfronteras.pe\/ingles\/wp-json\/wp\/v2\/media\/3653"}],"wp:attachment":[{"href":"https:\/\/derechosinfronteras.pe\/ingles\/wp-json\/wp\/v2\/media?parent=3652"}],"wp:term":[{"taxonomy":"category","embeddable":true,"href":"https:\/\/derechosinfronteras.pe\/ingles\/wp-json\/wp\/v2\/categories?post=3652"},{"taxonomy":"post_tag","embeddable":true,"href":"https:\/\/derechosinfronteras.pe\/ingles\/wp-json\/wp\/v2\/tags?post=3652"}],"curies":[{"name":"wp","href":"https:\/\/api.w.org\/{rel}","templated":true}]}}