{"id":3656,"date":"2021-03-08T15:59:23","date_gmt":"2021-03-08T20:59:23","guid":{"rendered":"http:\/\/derechosinfronteras.pe\/?p=7314"},"modified":"2021-03-08T15:59:23","modified_gmt":"2021-03-08T20:59:23","slug":"8-de-marzo-disminuir-las-cifras-de-la-desigualdad-debe-ser-nuestra-lucha-ciudadana","status":"publish","type":"post","link":"https:\/\/derechosinfronteras.pe\/ingles\/8-de-marzo-disminuir-las-cifras-de-la-desigualdad-debe-ser-nuestra-lucha-ciudadana\/","title":{"rendered":"8 de marzo, disminuir las cifras de la desigualdad debe ser nuestra lucha ciudadana"},"content":{"rendered":"<p>Redacci\u00f3n DHSF<\/p>\n<p>\u201cLa mujer andina contin\u00faa cuidando a los ni\u00f1os en casa, cultivando su tierra, cuidando a sus animales para alimentarse, a\u00fan no tiene acceso a la educaci\u00f3n, agua potable, atenci\u00f3n en un centro de salud cercano como en otras partes de nuestro pa\u00eds\u201d, menciona Ariana Kana, hija de una mujer que 70 a\u00f1os de su vida se dedic\u00f3 a la agricultura.<\/p>\n<p>Hay voces como esta que se encuentran olvidadas entre cuatro paredes de adobes, en lugares donde el \u00fanico medio de transporte son nuestros pies. Este 8 de marzo, D\u00eda Internacional de la Mujer, es un d\u00eda de toma de conciencia y reivindicaci\u00f3n de la lucha social, cultural, ambiental y econ\u00f3mica que llevan adelante miles de mujeres para vivir una vida sin violencia, con justicia social y en pleno ejercicio de sus derechos.<\/p>\n<p>Esta fecha nos recuerda que la violencia de g\u00e9nero, desigualdad en la generaci\u00f3n de ingresos econ\u00f3micos, acceso a la salud e informaci\u00f3n sobre los derechos sexuales y derechos reproductivos, una educaci\u00f3n para la igualdad, y participaci\u00f3n pol\u00edtica y ciudadana son ejes con brechas que a\u00fan no nos permiten vivir en una sociedad igualitaria.<\/p>\n<p>Estas brechas influyen negativamente en el desarrollo regional y local de las diversas regiones del Per\u00fa. Seg\u00fan el Instituto Nacional de Estad\u00edstica e Inform\u00e1tica (INEI), en el \u00e1rea rural 18 % de las ni\u00f1as mayores de 6 a\u00f1os no cuentan con ning\u00fan nivel educativo, 14 % de mujeres entre 15 y 19 a\u00f1os ya son madres o se encuentran embarazadas. En el \u00e1rea rural esta cifra sube a 23 % y en la selva a 25 %, 60 % de mujeres han sido agredidas f\u00edsica y\/o sexualmente por su pareja o expareja, mientras que las mujeres integran el 44.2 % de la poblaci\u00f3n econ\u00f3micamente activa ocupada y seg\u00fan la Defensor\u00eda del Pueblo, al 2014, 19 % de los puestos de direcci\u00f3n y jefaturas en los gobiernos regionales fue ocupado por mujeres.<\/p>\n<p>Estas cifras nos demuestran que hoy no se celebra. Se recuerda esta lucha, se conmemora, se informa. Hoy, se alza la voz, se aprende, se desmitifica. Disminuir las cifras de la desigualdad debe ser nuestra lucha ciudadana. Hoy y siempre actuemos por una sociedad m\u00e1s equitativa y menos violenta.<\/p>","protected":false},"excerpt":{"rendered":"<p>Redacci\u00f3n DHSF \u201cLa mujer andina contin\u00faa cuidando a los ni\u00f1os en casa, cultivando su tierra, cuidando a sus animales para alimentarse, a\u00fan no tiene acceso a la educaci\u00f3n, agua potable, atenci\u00f3n en un centro de salud cercano como en otras partes de nuestro pa\u00eds\u201d, menciona Ariana Kana, hija de una mujer que 70 a\u00f1os de [&hellip;]<\/p>\n","protected":false},"author":1,"featured_media":3657,"comment_status":"open","ping_status":"open","sticky":false,"template":"","format":"standard","meta":{"_monsterinsights_skip_tracking":false,"_monsterinsights_sitenote_active":false,"_monsterinsights_sitenote_note":"","_monsterinsights_sitenote_category":0,"_jetpack_memberships_contains_paid_content":false,"footnotes":"","jetpack_publicize_message":"","jetpack_publicize_feature_enabled":true,"jetpack_social_post_already_shared":false,"jetpack_social_options":{"image_generator_settings":{"template":"highway","default_image_id":0,"font":"","enabled":false},"version":2}},"categories":[1],"tags":[],"class_list":["post-3656","post","type-post","status-publish","format-standard","has-post-thumbnail","hentry","category-sin-categoria"],"blocksy_meta":[],"jetpack_publicize_connections":[],"jetpack_featured_media_url":"https:\/\/derechosinfronteras.pe\/wp-content\/uploads\/2021\/03\/reeee.jpg","jetpack_sharing_enabled":true,"jetpack_likes_enabled":true,"_links":{"self":[{"href":"https:\/\/derechosinfronteras.pe\/ingles\/wp-json\/wp\/v2\/posts\/3656","targetHints":{"allow":["GET"]}}],"collection":[{"href":"https:\/\/derechosinfronteras.pe\/ingles\/wp-json\/wp\/v2\/posts"}],"about":[{"href":"https:\/\/derechosinfronteras.pe\/ingles\/wp-json\/wp\/v2\/types\/post"}],"author":[{"embeddable":true,"href":"https:\/\/derechosinfronteras.pe\/ingles\/wp-json\/wp\/v2\/users\/1"}],"replies":[{"embeddable":true,"href":"https:\/\/derechosinfronteras.pe\/ingles\/wp-json\/wp\/v2\/comments?post=3656"}],"version-history":[{"count":0,"href":"https:\/\/derechosinfronteras.pe\/ingles\/wp-json\/wp\/v2\/posts\/3656\/revisions"}],"wp:featuredmedia":[{"embeddable":true,"href":"https:\/\/derechosinfronteras.pe\/ingles\/wp-json\/wp\/v2\/media\/3657"}],"wp:attachment":[{"href":"https:\/\/derechosinfronteras.pe\/ingles\/wp-json\/wp\/v2\/media?parent=3656"}],"wp:term":[{"taxonomy":"category","embeddable":true,"href":"https:\/\/derechosinfronteras.pe\/ingles\/wp-json\/wp\/v2\/categories?post=3656"},{"taxonomy":"post_tag","embeddable":true,"href":"https:\/\/derechosinfronteras.pe\/ingles\/wp-json\/wp\/v2\/tags?post=3656"}],"curies":[{"name":"wp","href":"https:\/\/api.w.org\/{rel}","templated":true}]}}