{"id":3660,"date":"2021-03-03T22:21:26","date_gmt":"2021-03-04T03:21:26","guid":{"rendered":"http:\/\/derechosinfronteras.pe\/?p=7293"},"modified":"2021-03-03T22:21:26","modified_gmt":"2021-03-04T03:21:26","slug":"la-independencia-economica-de-las-mujeres-es-una-agenda-pendiente-en-espinar-y-chumbivilcas","status":"publish","type":"post","link":"https:\/\/derechosinfronteras.pe\/ingles\/la-independencia-economica-de-las-mujeres-es-una-agenda-pendiente-en-espinar-y-chumbivilcas\/","title":{"rendered":"La independencia econ\u00f3mica de las mujeres es una agenda pendiente en Espinar y Chumbivilcas"},"content":{"rendered":"<p style=\"text-align: right;\"><strong>Por: \u00c1rea de Comunicaci\u00f3n, Incidencia y G\u00e9nero<\/strong><\/p>\n<p>La discriminaci\u00f3n de g\u00e9nero afecta de manera desproporcionada diferentes aspectos de la vida p\u00fablica y privada de las mujeres. El empoderamiento y la independencia econ\u00f3mica son clave para lograr la igualdad de g\u00e9nero, erradicar la pobreza y el crecimiento econ\u00f3mico inclusivo.<\/p>\n<p>En el Per\u00fa, las mujeres contribuyen a la econom\u00eda, aunque no siempre se les valora y terminan invisibilizadas. Tienen menos acceso y oportunidades de conseguir trabajo que el var\u00f3n. Ganan en promedio 29,6 % menos que sus pares masculinos [1]. No es extra\u00f1o que perciban menos dinero al dedicarse m\u00e1s horas a sus familias, 39 horas con 28 minutos a la semana para trabajo dom\u00e9stico no remunerado, en cambio los varones 15 horas con 53 minutos [2].<\/p>\n<p>Esta brecha de g\u00e9nero en el \u00e1mbito econ\u00f3mico fue identificada por las mujeres de Espinar y Chumbivilcas, quienes incluyeron la generaci\u00f3n de ingresos econ\u00f3mico como eje 2 en las agendas de la mujer k\u2019ana y chumbivilcana. Ambos documentos son instrumentos de gesti\u00f3n que contemplan las principales problem\u00e1ticas que vulneran los derechos de las mujeres y las propuestas de las mujeres como sujetas de derechos.<\/p>\n<p>La precariedad de ingresos propios pone a las mujeres en mayor situaci\u00f3n de vulneraci\u00f3n, especialmente en \u00e1reas rurales donde el 45 % de poblaci\u00f3n se encuentra en situaci\u00f3n de pobreza y el 77.8 % en pobreza extrema [3]. En su mayor\u00eda, las mujeres tienen contratos de corto tiempo y se estima que reciben un salario menor al 29.3 % que un var\u00f3n por el mismo cargo [4]. Muchas tienen que recurrir a trabajos informales, peligrosos y\/o en condiciones que violan sus derechos humanos.<\/p>\n<p>Adem\u00e1s, la dependencia econ\u00f3mica origina que las mujeres permanezcan con sus parejas sentimentales a pesar de vivir situaciones de violencia, seg\u00fan expres\u00f3 con preocupaci\u00f3n la presidenta de las Defensor\u00edas Comunitarias Cusi Q\u2019oyllor, Beatriz Rayan. \u201cComo organizaci\u00f3n social exigimos que las autoridades cumplan con las acciones previstas en el eje de generaci\u00f3n de ingresos econ\u00f3micos\u201d, dijo.<\/p>\n<p>Por su parte, la vicepresidenta de la Asociaci\u00f3n de Mujeres Defensoras del Territorio y Cultura K\u2019ana, Maximiliana Si\u00f1ane Llacma, lament\u00f3 que la pandemia de la COVID-19 haya acentuado la brecha de g\u00e9nero en las zonas altoandinas, m\u00e1s a\u00fan en esta segunda ola: \u201cNo hay d\u00f3nde ir a trabajar. Algunas recurren a vender gelatina o ag\u00fcita. Ahora para las clases virtuales, tampoco tenemos dinero para esas recargas al celular\u201d.<\/p>\n<p>Dentro de las acciones estrat\u00e9gicas que figuran en el eje 2 tenemos: implementar programas de formaci\u00f3n t\u00e9cnica dirigido a mujeres, crear e implementar guarder\u00edas comunitarias para mujeres trabajadoras, capacitaci\u00f3n certificada para la elaboraci\u00f3n de planes de negocios, proyectos productivos a mujeres, entre otros.<\/p>\n<p>El empoderamiento de las mujeres es un elemento central de la garant\u00eda de sus derechos. Desde este espacio, exhortamos al gobiernos regional y local y a los\/las candidatas a revisar sus planes en temas de g\u00e9nero e incorporar en la agenda pol\u00edtica las demandas de las zonas altoandinas.<\/p>\n<p>\u00a1Cumplamos las agendas de la mujer k\u2019ana y chumbivilcana ya!<\/p>\n<p><strong>Fuentes bibliogr\u00e1ficas<\/strong><\/p>\n<p>[1] Instituto Nacional de Estad\u00edstica e Inform\u00e1tica (2019). Per\u00fa Brechas de G\u00e9nero 2019. Avances hacia la igualdad de mujeres y hombres. Recuperado de https:\/\/www.inei.gob.pe\/media\/MenuRecursivo\/publicaciones_digitales\/Est\/Lib1716\/Libro.pdf<\/p>\n<p>[2] Ministerio de la Mujer y Desarrollo Social (2011). Brechas de G\u00e9nero en Uso del Tiempo. Recuperado de https:\/\/www.mimp.gob.pe\/files\/direcciones\/dgignd\/publicaciones\/Brechas-de-genero-en-el-Uso-del-Tiempo.pdf<\/p>\n<p>[3] Instituto Nacional de Estad\u00edstica e Inform\u00e1tica (2019). Evoluci\u00f3n de la pobreza Monetaria 2007-2018. Recuperado de https:\/\/www.inei.gob.pe\/media\/MenuRecursivo\/publicaciones_digitales\/Est\/Lib1646\/libro.pdf<\/p>\n<p>[4] Instituto Nacional de Estad\u00edstica e Inform\u00e1tica (2018). Per\u00fa: Brechas de Avances hacia la igualdad de G\u00e9nero 2018. Recuperado https:\/\/www.inei.gob.pe\/media\/MenuRecursivo\/publicaciones_digitales\/Est\/Lib1594\/libro.pdf<\/p>\n","protected":false},"excerpt":{"rendered":"<p>Por: \u00c1rea de Comunicaci\u00f3n, Incidencia y G\u00e9nero La discriminaci\u00f3n de g\u00e9nero afecta de manera desproporcionada diferentes aspectos de la vida p\u00fablica y privada de las mujeres. El empoderamiento y la independencia econ\u00f3mica son clave para lograr la igualdad de g\u00e9nero, erradicar la pobreza y el crecimiento econ\u00f3mico inclusivo. En el Per\u00fa, las mujeres contribuyen a [&hellip;]<\/p>\n","protected":false},"author":1,"featured_media":3661,"comment_status":"open","ping_status":"open","sticky":false,"template":"","format":"standard","meta":{"_monsterinsights_skip_tracking":false,"_monsterinsights_sitenote_active":false,"_monsterinsights_sitenote_note":"","_monsterinsights_sitenote_category":0,"_jetpack_memberships_contains_paid_content":false,"footnotes":"","jetpack_publicize_message":"","jetpack_publicize_feature_enabled":true,"jetpack_social_post_already_shared":false,"jetpack_social_options":{"image_generator_settings":{"template":"highway","default_image_id":0,"font":"","enabled":false},"version":2}},"categories":[1],"tags":[],"class_list":["post-3660","post","type-post","status-publish","format-standard","has-post-thumbnail","hentry","category-sin-categoria"],"blocksy_meta":[],"jetpack_publicize_connections":[],"jetpack_featured_media_url":"https:\/\/derechosinfronteras.pe\/wp-content\/uploads\/2021\/03\/NOTA-generacion-de-ingresos-economicos.jpg","jetpack_sharing_enabled":true,"jetpack_likes_enabled":true,"_links":{"self":[{"href":"https:\/\/derechosinfronteras.pe\/ingles\/wp-json\/wp\/v2\/posts\/3660","targetHints":{"allow":["GET"]}}],"collection":[{"href":"https:\/\/derechosinfronteras.pe\/ingles\/wp-json\/wp\/v2\/posts"}],"about":[{"href":"https:\/\/derechosinfronteras.pe\/ingles\/wp-json\/wp\/v2\/types\/post"}],"author":[{"embeddable":true,"href":"https:\/\/derechosinfronteras.pe\/ingles\/wp-json\/wp\/v2\/users\/1"}],"replies":[{"embeddable":true,"href":"https:\/\/derechosinfronteras.pe\/ingles\/wp-json\/wp\/v2\/comments?post=3660"}],"version-history":[{"count":0,"href":"https:\/\/derechosinfronteras.pe\/ingles\/wp-json\/wp\/v2\/posts\/3660\/revisions"}],"wp:featuredmedia":[{"embeddable":true,"href":"https:\/\/derechosinfronteras.pe\/ingles\/wp-json\/wp\/v2\/media\/3661"}],"wp:attachment":[{"href":"https:\/\/derechosinfronteras.pe\/ingles\/wp-json\/wp\/v2\/media?parent=3660"}],"wp:term":[{"taxonomy":"category","embeddable":true,"href":"https:\/\/derechosinfronteras.pe\/ingles\/wp-json\/wp\/v2\/categories?post=3660"},{"taxonomy":"post_tag","embeddable":true,"href":"https:\/\/derechosinfronteras.pe\/ingles\/wp-json\/wp\/v2\/tags?post=3660"}],"curies":[{"name":"wp","href":"https:\/\/api.w.org\/{rel}","templated":true}]}}