{"id":3662,"date":"2021-03-03T16:13:35","date_gmt":"2021-03-03T21:13:35","guid":{"rendered":"http:\/\/derechosinfronteras.pe\/?p=7286"},"modified":"2021-03-03T16:13:35","modified_gmt":"2021-03-03T21:13:35","slug":"avmae-fomenta-alianzas-estrategicas-con-instituciones-y-organizaciones-sociales-de-base-de-espinar","status":"publish","type":"post","link":"https:\/\/derechosinfronteras.pe\/ingles\/avmae-fomenta-alianzas-estrategicas-con-instituciones-y-organizaciones-sociales-de-base-de-espinar\/","title":{"rendered":"AVMAE fomenta alianzas estrat\u00e9gicas con instituciones y organizaciones sociales de base de Espinar"},"content":{"rendered":"<p style=\"text-align: right;\"><strong>Por: \u00c1rea de Derechos Colectivos, Medio Ambiente y Salud<\/strong><\/p>\n<p>Espinar lleva cerca de 40 a\u00f1os de convivencia con la actividad minera. Ni la pandemia de la COVID-19, originada el a\u00f1o pasado en China, paralizaron las operaciones del proyecto minero Antapaccay de la Suiza Glencore. Incluso, las pol\u00edticas ambientales fueron flexibiliz\u00e1ndose en materia de fiscalizaci\u00f3n y vigilancia ambiental.<\/p>\n<p>Las estad\u00edsticas de los impactos ambientales registradas, durante el segundo y parte del tercer trimestre del a\u00f1o 2020, por el Servicio de Informaci\u00f3n Nacional y Denuncias Ambientales (SINADA) y el Organismo de Evaluaci\u00f3n y Fiscalizaci\u00f3n Ambiental (OEFA) muestran que la regi\u00f3n Cusco se encuentra dentro de los 5 primeros lugares con mayores denuncias. En total 56 denuncias registradas. Asimismo, del total de denuncias en este periodo (1287), 579 corresponden a denuncias relacionadas al sector minero.<\/p>\n<p>Todos estos problemas registrados no son novedad para la provincia de Espinar que, desde hace varias d\u00e9cadas atr\u00e1s, tiene antecedentes de impactos ambientales al medio ambiente y la salud. Por ejemplo, entre el 2012 al 2015, se evidenci\u00f3 la presencia de metales pesados cercanos a Antapaccay y la relavera Huinipampa (Cuenca Ca\u00f1ip\u00eda), as\u00ed como en la unidad minera Tintaya y relavera Ccamacmayo (Cuenca Salado).<\/p>\n<p>Por ello, durante el 2017, un grupo de voluntarios y voluntarias preocupado por la situaci\u00f3n ambiental de su provincia conform\u00f3 la Asociaci\u00f3n de Vigilantes y Monitores Ambientales de Espinar (AVMAE), la cual, al 9 de octubre de 2018, buscar\u00eda su inscripci\u00f3n como asociaci\u00f3n ante registros p\u00fablicos, con la finalidad de promover y contribuir en la protecci\u00f3n de la calidad ambiental, en especial la calidad y cantidad del agua, a trav\u00e9s de la vigilancia y monitoreo ambiental comunitario en las cuencas de la provincia de Espinar.<\/p>\n<p>Como parte de sus actividades, la AVMAE trabaja en tres ejes prioritarios: a) Fortalecimiento de sus capacidades como monitores ambientales; 2) Vigilancia y monitoreo ambiental comunitario a partir de monitoreos fisicoqu\u00edmicos y biol\u00f3gicos con el acompa\u00f1amiento del equipo t\u00e9cnico de DHSF; 3) Presentaci\u00f3n y socializaci\u00f3n de resultados de monitoreo, 4) Campa\u00f1as ambientales y sensibilizaci\u00f3n en radios locales a partir del programa La Hora Ambiental. Adem\u00e1s, participa en procesos para la construcci\u00f3n y propuesta de pol\u00edticas ambientales como el proyecto de \u201cLey marco de monitoreo y vigilancia ambiental\u201d, que tiene dictamen favorable en la Comisi\u00f3n de Pueblos Andinos, Amaz\u00f3nicos Afroperuanos, Ambiente y Ecolog\u00eda del Congreso de la Rep\u00fablica, esperando ahora su debate en Pleno del Congreso.<\/p>\n<p>En el 2020, la AVMAE realiz\u00f3 una reuni\u00f3n con la Gerencia de Gesti\u00f3n Ambiental de la Municipalidad Provincial de Espinar, en la cual propuesto un plan de trabajo a fin de entablar una alianza estrat\u00e9gica y realizar acciones conjuntas. A partir de entonces, se ha articulado acciones conjuntas como talleres de capacitaci\u00f3n, pr\u00e1cticas de monitoreo ambiental en el r\u00edo Ca\u00f1ipia y proyect\u00e1ndose a fortalecer la reciente \u00c1rea de Fiscalizaci\u00f3n Ambiental de la Municipalidad Provincial de Espinar, a trav\u00e9s de un proyecto. Sin embargo, el cambio de todo el personal de la gerencia ha dejado truncado este trabajo articulado.<\/p>\n<p>La AVMAE ha identificado varios actores entre instituciones del Estado, organizaciones sociales, colectivos, activistas, l\u00edderes y defensores ambientalistas, que vienen desarrollando sus actividades de manera aislada, cada uno por su lado. Durante estas semanas, ha propuesto promover un trabajo articulado y coordinado entre todos los actores defensores del medio ambiente de Espinar.<\/p>\n<p>En ese sentido, esta asociaci\u00f3n ha celebrado reuniones con la finalidad de presentar a otros actores sociales, sus objetivos, acciones que desarrolla y sobre todo para proponer una alianza estrat\u00e9gica que permita realzar un trabajo articulado y coordinado entre los diversos actores. Dichas reuniones se realizaron con la regidora Dolores Rojas Colque, presidenta de la Comisi\u00f3n de Gesti\u00f3n Ambiental y Territorial de la Municipalidad Provincial de Espinar, colectivo ambientalista RUWAY de Espinar, Frente \u00danico de la Juventud Espinarense K\u2019ana (FUJEK) y con representantes de la Autoridad Nacional de Agua (ANA) de Espinar. Las reuniones han sido muy productivas, puesto que ha permitido reconocer la necesidad de una agenda m\u00e1s integral para abordar los principales problemas en materia ambiental de la provincia.<\/p>\n<p>Los acuerdos de dichas reuniones fueron las siguientes:<\/p>\n<p>1.- Potenciar la vigilancia y monitoreo ambiental comunitario desde la ciudadan\u00eda y tambi\u00e9n participar en los monitoreos especializados que realiza la ANA en el marco de la participaci\u00f3n ciudadana.<\/p>\n<p>2.- Fortalecer las capacidades y competencias de monitores y vigilantes ambientales, a trav\u00e9s de programas de capacitaci\u00f3n, talleres, foros, etc. donde participar\u00e1n miembros de la AVMAE, Colectivo RUWAY, FUJEK y otros.<\/p>\n<p>3.-Realizar campa\u00f1as de sensibilizaci\u00f3n e incidencia conjunta en las fechas m\u00e1s emblem\u00e1ticas del calendario ambiental. La primera campa\u00f1a se desarrollar\u00e1 por el D\u00eda Mundial del Agua en el mes de marzo.<\/p>\n<p>4.-Potenciar la educaci\u00f3n ambiental, a trav\u00e9s de medios radiales y redes sociales; principalmente fortaleciendo el programa de radio La Hora Ambiental con la participaci\u00f3n de la AVMAE, colectivo Ruway, FUJEK y otros actores.<\/p>\n<p>La Junta Directiva de la AVMAE muestra toda su alegr\u00eda y satisfacci\u00f3n con los resultados de las reuniones: \u201cMe siento muy alegre y satisfecha por los resultados de las reuniones porque nos ha permitido presentarnos como asociaci\u00f3n, conocer nuevos actores, y sobre todo la alegr\u00eda es porque establecimos una alianza para trabajar juntos con una agenda com\u00fan, lo que iremos construyendo poco a poco\u201d, manifest\u00f3 Ivoneth Chilo Quispe, presidenta de la AVMAE.<\/p>","protected":false},"excerpt":{"rendered":"<p>Por: \u00c1rea de Derechos Colectivos, Medio Ambiente y Salud Espinar lleva cerca de 40 a\u00f1os de convivencia con la actividad minera. Ni la pandemia de la COVID-19, originada el a\u00f1o pasado en China, paralizaron las operaciones del proyecto minero Antapaccay de la Suiza Glencore. Incluso, las pol\u00edticas ambientales fueron flexibiliz\u00e1ndose en materia de fiscalizaci\u00f3n y [&hellip;]<\/p>\n","protected":false},"author":1,"featured_media":3663,"comment_status":"open","ping_status":"open","sticky":false,"template":"","format":"standard","meta":{"_monsterinsights_skip_tracking":false,"_monsterinsights_sitenote_active":false,"_monsterinsights_sitenote_note":"","_monsterinsights_sitenote_category":0,"_jetpack_memberships_contains_paid_content":false,"footnotes":"","jetpack_publicize_message":"","jetpack_publicize_feature_enabled":true,"jetpack_social_post_already_shared":false,"jetpack_social_options":{"image_generator_settings":{"template":"highway","default_image_id":0,"font":"","enabled":false},"version":2}},"categories":[1],"tags":[],"class_list":["post-3662","post","type-post","status-publish","format-standard","has-post-thumbnail","hentry","category-sin-categoria"],"blocksy_meta":[],"jetpack_publicize_connections":[],"jetpack_featured_media_url":"https:\/\/derechosinfronteras.pe\/wp-content\/uploads\/2021\/03\/NOTA-3-FINAL-AVMAE.jpg","jetpack_sharing_enabled":true,"jetpack_likes_enabled":true,"_links":{"self":[{"href":"https:\/\/derechosinfronteras.pe\/ingles\/wp-json\/wp\/v2\/posts\/3662","targetHints":{"allow":["GET"]}}],"collection":[{"href":"https:\/\/derechosinfronteras.pe\/ingles\/wp-json\/wp\/v2\/posts"}],"about":[{"href":"https:\/\/derechosinfronteras.pe\/ingles\/wp-json\/wp\/v2\/types\/post"}],"author":[{"embeddable":true,"href":"https:\/\/derechosinfronteras.pe\/ingles\/wp-json\/wp\/v2\/users\/1"}],"replies":[{"embeddable":true,"href":"https:\/\/derechosinfronteras.pe\/ingles\/wp-json\/wp\/v2\/comments?post=3662"}],"version-history":[{"count":0,"href":"https:\/\/derechosinfronteras.pe\/ingles\/wp-json\/wp\/v2\/posts\/3662\/revisions"}],"wp:featuredmedia":[{"embeddable":true,"href":"https:\/\/derechosinfronteras.pe\/ingles\/wp-json\/wp\/v2\/media\/3663"}],"wp:attachment":[{"href":"https:\/\/derechosinfronteras.pe\/ingles\/wp-json\/wp\/v2\/media?parent=3662"}],"wp:term":[{"taxonomy":"category","embeddable":true,"href":"https:\/\/derechosinfronteras.pe\/ingles\/wp-json\/wp\/v2\/categories?post=3662"},{"taxonomy":"post_tag","embeddable":true,"href":"https:\/\/derechosinfronteras.pe\/ingles\/wp-json\/wp\/v2\/tags?post=3662"}],"curies":[{"name":"wp","href":"https:\/\/api.w.org\/{rel}","templated":true}]}}