{"id":3664,"date":"2021-02-22T17:47:50","date_gmt":"2021-02-22T22:47:50","guid":{"rendered":"http:\/\/derechosinfronteras.pe\/?p=7203"},"modified":"2021-02-22T17:47:50","modified_gmt":"2021-02-22T22:47:50","slug":"pandemia-revela-deficiencias-espinar-y-chumbivilcas-sin-albergues-para-mujeres-victimas-de-violencia","status":"publish","type":"post","link":"https:\/\/derechosinfronteras.pe\/ingles\/pandemia-revela-deficiencias-espinar-y-chumbivilcas-sin-albergues-para-mujeres-victimas-de-violencia\/","title":{"rendered":"Pandemia revela deficiencias: Espinar y Chumbivilcas sin albergues para mujeres v\u00edctimas de violencia"},"content":{"rendered":"<p style=\"text-align: right;\"><strong>\u00c1rea de Comunicaci\u00f3n, Incidencia y G\u00e9nero<\/strong><\/p>\n<p>Romper con el ciclo de la violencia de g\u00e9nero para las v\u00edctimas no es sencillo. Ello implica atreverse a dejar sus hogares y buscar un refugio para ellas y sus hijos en un contexto de pandemia por la COVID-19. Este problema se complica m\u00e1s cuando en los territorios no existen albergues temporales para mujeres v\u00edctimas de violencia.<\/p>\n<p>Este es la situaci\u00f3n de las provincias de Espinar y Chumbivilcas. En la primera de ellas, pese a contar con una infraestructura moderna, la Casa de Refugio de la Mujer no funciona. Mientras que, en el distrito de Santo Tom\u00e1s, provincia de Chumbivilcas, ni siquiera hay un terreno para su construcci\u00f3n.<\/p>\n<figure id=\"attachment_7206\" aria-describedby=\"caption-attachment-7206\" style=\"width: 1024px\" class=\"wp-caption alignnone\"><img fetchpriority=\"high\" decoding=\"async\" class=\"size-large wp-image-7206\" src=\"http:\/\/derechosinfronteras.pe\/wp-content\/uploads\/2021\/02\/WhatsApp-Image-2021-02-22-at-4.52.27-PM-1024x682.jpeg\" alt=\"\" width=\"1024\" height=\"682\" \/><figcaption id=\"caption-attachment-7206\" class=\"wp-caption-text\">Foto: Casa Refugio de la Mujer de Espinar es un elefante blanco.<\/figcaption><\/figure>\n<p>Erradicar y prevenir la violencia de g\u00e9nero forma parte del compromiso pol\u00edtico asumido por las autoridades locales, instituciones p\u00fablicas y privadas y organizaciones sociales. As\u00ed lo contemplan las agendas de la mujer k\u2019ana y chumbivilcana que contiene las principales demandas y propuestas de las mujeres en seis ejes tem\u00e1ticos: violencia de g\u00e9nero; generaci\u00f3n de ingresos econ\u00f3micos; salud, derechos sexuales y reproductivos; educaci\u00f3n para la igualdad; territorio y medio ambiente y, por \u00faltimo, participaci\u00f3n pol\u00edtica y ciudadana.<\/p>\n<p>En el caso del primer eje, la regidora chumbivilcana Juliana Tancayllo Huamani explic\u00f3 que, por el momento, est\u00e1n buscando un terreno para el refugio temporal. \u201cYo estoy exigiendo que se haga realidad el albergue. La alcaldesa me ha dicho que como sea este a\u00f1o se tiene que comprar el terreno\u201d, dijo.<\/p>\n<p>La preocupaci\u00f3n de la concejal tambi\u00e9n radica, seg\u00fan precis\u00f3, en las pocas opciones que tienen las mujeres para hallar un espacio donde quedarse con sus hijos. Muchas veces optan por regresar con el agresor. \u201cEs necesario un albergue, pues por la pandemia ha incrementado la violencia. A veces las mujeres no tienen donde albergarse, y a veces se van hasta Cusco\u201d, se\u00f1al\u00f3.<\/p>\n<p>En Espinar es m\u00e1s complejo. La falta de presupuesto y de inter\u00e9s para el mantenimiento de la casa refugio es el principal obst\u00e1culo. La regidora Dolores Rojas Colque declar\u00f3 que tampoco sus colegas apoyan para que funcione ese albergue. \u201cLa casa refugio tiene camas, cocina, hasta talleres y oficinas, pero no hay presupuesto\u201d, lament\u00f3.<\/p>\n<p>En ambas provincias, de acuerdo a las acciones estrat\u00e9gicas previstas en las agendas de la mujer k\u2019ana y chumbivilcana para el 2020 y 2021, deber\u00edan estar operando las casas de refugio temporal.<\/p>\n<p><strong>\u00bfQu\u00e9 dicen las cifras?<\/strong><\/p>\n<p>Las cifras de violencia de g\u00e9nero contra las mujeres evidencian la cultura machista y patriarcal de la sociedad peruana. A nivel nacional, la regi\u00f3n de Cusco ocup\u00f3 el a\u00f1o pasado el cuarto lugar en casos de violencia sexual hacia ni\u00f1as, adolescentes y mujeres, y el tercer lugar en violencia de g\u00e9nero, seg\u00fan el portal estad\u00edstico del Programa Nacional para la Prevenci\u00f3n y Erradicaci\u00f3n de la Violencia contra las Mujeres e Integrantes del Grupo Familiar \u2013 AURORA. En el 2020 se registraron 3 feminicidios y 7 tentativas.<\/p>\n<p>En enero de este a\u00f1o, la l\u00ednea 100 del Ministerio de la Mujer y Poblaciones Vulnerables atendi\u00f3 537 casos de violencia, en comparaci\u00f3n al mismo mes del a\u00f1o pasado, se increment\u00f3 en 74 % el n\u00famero de casos atendidos, inform\u00f3 el investigador del Centro Bartolom\u00e9 de las Casas (CBC), Jair Vargas-Ventura.<\/p>\n<p>Durante enero de 2021, la Corte Superior de Justicia de Cusco, a trav\u00e9s del M\u00f3dulo Judicial Integrado en Violencia contra la Mujer e Integrantes del Grupo Familiar, dict\u00f3 404 medidas de protecci\u00f3n. Las denuncias son derivadas por agresi\u00f3n f\u00edsica, psicol\u00f3gica, econ\u00f3mica y patrimonial y en la mayor\u00eda de estos casos atendidos son de riesgo severo.<\/p>\n<p>En la provincia de Cusco, los distritos con m\u00e1s \u00edndices de violencia son Santiago (160), Cusco (109) y San Sebasti\u00e1n (78). Sin embargo, tambi\u00e9n se registraron denuncias en la jurisdicci\u00f3n de Wanchaq (61), San Jer\u00f3nimo (11), Poroy (15) y Saylla (14).<\/p>\n<p>En esta coyuntura, los juzgados de familia especializados en violencia confirman la informaci\u00f3n de violencia v\u00eda llamada telef\u00f3nica con la v\u00edctima y\/o agresor, luego dictan las medidas de protecci\u00f3n dentro de las 24 horas sin ser necesaria la ficha de valoraci\u00f3n de riesgo y la realizaci\u00f3n de una audiencia. Adem\u00e1s, notifican a la parte denunciada y a la comisar\u00eda para su ejecuci\u00f3n en conformidad con la Ley N\u00b0 30364 (Ley para prevenir, sancionar y erradicar la violencia contra las mujeres y los integrantes del grupo familiar) y su reglamento.<\/p>\n<p>&nbsp;<\/p>","protected":false},"excerpt":{"rendered":"<p>\u00c1rea de Comunicaci\u00f3n, Incidencia y G\u00e9nero Romper con el ciclo de la violencia de g\u00e9nero para las v\u00edctimas no es sencillo. Ello implica atreverse a dejar sus hogares y buscar un refugio para ellas y sus hijos en un contexto de pandemia por la COVID-19. Este problema se complica m\u00e1s cuando en los territorios no [&hellip;]<\/p>\n","protected":false},"author":1,"featured_media":3665,"comment_status":"open","ping_status":"open","sticky":false,"template":"","format":"standard","meta":{"_monsterinsights_skip_tracking":false,"_monsterinsights_sitenote_active":false,"_monsterinsights_sitenote_note":"","_monsterinsights_sitenote_category":0,"_jetpack_memberships_contains_paid_content":false,"footnotes":"","jetpack_publicize_message":"","jetpack_publicize_feature_enabled":true,"jetpack_social_post_already_shared":false,"jetpack_social_options":{"image_generator_settings":{"template":"highway","default_image_id":0,"font":"","enabled":false},"version":2}},"categories":[1],"tags":[],"class_list":["post-3664","post","type-post","status-publish","format-standard","has-post-thumbnail","hentry","category-sin-categoria"],"blocksy_meta":[],"jetpack_publicize_connections":[],"jetpack_featured_media_url":"https:\/\/derechosinfronteras.pe\/wp-content\/uploads\/2021\/02\/NOTA-ALBERGUES-ESPINAR-Y-CHUMBIVILCAS.jpg","jetpack_sharing_enabled":true,"jetpack_likes_enabled":true,"_links":{"self":[{"href":"https:\/\/derechosinfronteras.pe\/ingles\/wp-json\/wp\/v2\/posts\/3664","targetHints":{"allow":["GET"]}}],"collection":[{"href":"https:\/\/derechosinfronteras.pe\/ingles\/wp-json\/wp\/v2\/posts"}],"about":[{"href":"https:\/\/derechosinfronteras.pe\/ingles\/wp-json\/wp\/v2\/types\/post"}],"author":[{"embeddable":true,"href":"https:\/\/derechosinfronteras.pe\/ingles\/wp-json\/wp\/v2\/users\/1"}],"replies":[{"embeddable":true,"href":"https:\/\/derechosinfronteras.pe\/ingles\/wp-json\/wp\/v2\/comments?post=3664"}],"version-history":[{"count":0,"href":"https:\/\/derechosinfronteras.pe\/ingles\/wp-json\/wp\/v2\/posts\/3664\/revisions"}],"wp:featuredmedia":[{"embeddable":true,"href":"https:\/\/derechosinfronteras.pe\/ingles\/wp-json\/wp\/v2\/media\/3665"}],"wp:attachment":[{"href":"https:\/\/derechosinfronteras.pe\/ingles\/wp-json\/wp\/v2\/media?parent=3664"}],"wp:term":[{"taxonomy":"category","embeddable":true,"href":"https:\/\/derechosinfronteras.pe\/ingles\/wp-json\/wp\/v2\/categories?post=3664"},{"taxonomy":"post_tag","embeddable":true,"href":"https:\/\/derechosinfronteras.pe\/ingles\/wp-json\/wp\/v2\/tags?post=3664"}],"curies":[{"name":"wp","href":"https:\/\/api.w.org\/{rel}","templated":true}]}}