{"id":3668,"date":"2021-02-18T00:30:28","date_gmt":"2021-02-18T05:30:28","guid":{"rendered":"http:\/\/derechosinfronteras.pe\/?p=7193"},"modified":"2021-02-18T00:30:28","modified_gmt":"2021-02-18T05:30:28","slug":"dia-de-la-mujer-de-las-americas-homenaje-a-su-lucha-y-valentia-por-el-reconocimiento-de-sus-derechos","status":"publish","type":"post","link":"https:\/\/derechosinfronteras.pe\/ingles\/dia-de-la-mujer-de-las-americas-homenaje-a-su-lucha-y-valentia-por-el-reconocimiento-de-sus-derechos\/","title":{"rendered":"D\u00eda de la Mujer de las Am\u00e9ricas: homenaje a su lucha y valent\u00eda por el reconocimiento de sus derechos"},"content":{"rendered":"<p>Redacci\u00f3n DHSF<\/p>\n<p>Cada 18 de febrero se conmemora el D\u00eda de la Mujer de las Am\u00e9ricas con el objetivo de rendir homenaje a las mujeres que, a trav\u00e9s de su lucha y resistencia, lograron el reconocimiento de sus derechos pol\u00edticos y civiles.<\/p>\n<p>Esta importante fecha, que fue establecida en 1982 por la Asamblea General de los Estados Americanos (OEA) en su d\u00e9cimo per\u00edodo de sesiones, coincide con el d\u00eda y mes de la creaci\u00f3n de la Comisi\u00f3n Interamericana de las Mujeres (CIM) en 1928.<\/p>\n<p>Cuenta la historia que un grupo de mujeres lleg\u00f3 a la Habana en 1928 exigiendo que se le permitiera participar de la Sexta Conferencia Internacional de los Estados Americanos y que se ratifique un tratado de derechos igualitarios.<\/p>\n<p>Esta valiente y audaz accionar, as\u00ed como las protestas y campa\u00f1as realizadas por feministas de Am\u00e9rica del Sur y del Norte, permiti\u00f3 la conformaci\u00f3n de la CIM, la cual tuvo que realizar un estudio sobre el estado legal de las mujeres en las Am\u00e9ricas como parte de sus primeras funciones. Esta investigaci\u00f3n fue presentada en la S\u00e9ptima Conferencia Internacional de Estados Americanos en Montevideo, Uruguay, en 1933.<\/p>\n<p>Desde entonces, la CIM es el principal foro generador de pol\u00edticas sobre los derechos de las mujeres y la igualdad de g\u00e9nero en las Am\u00e9ricas. Est\u00e1 constituida por 34 delegadas, una por cada Estado Miembro de la OEA.<\/p>\n<p>Esta efem\u00e9ride nos recuerda la importancia de ejecutar acciones desde el Estado, sociedad civil y empresas para asegurar el libre y pleno ejercicio de los derechos de las mujeres. Adem\u00e1s, es una fecha propicia para reflexionar y destacar el papel que desempe\u00f1an las mujeres como agentes del cambio social.<\/p>","protected":false},"excerpt":{"rendered":"<p>Redacci\u00f3n DHSF Cada 18 de febrero se conmemora el D\u00eda de la Mujer de las Am\u00e9ricas con el objetivo de rendir homenaje a las mujeres que, a trav\u00e9s de su lucha y resistencia, lograron el reconocimiento de sus derechos pol\u00edticos y civiles. Esta importante fecha, que fue establecida en 1982 por la Asamblea General de [&hellip;]<\/p>\n","protected":false},"author":1,"featured_media":3669,"comment_status":"open","ping_status":"open","sticky":false,"template":"","format":"standard","meta":{"_monsterinsights_skip_tracking":false,"_monsterinsights_sitenote_active":false,"_monsterinsights_sitenote_note":"","_monsterinsights_sitenote_category":0,"_jetpack_memberships_contains_paid_content":false,"footnotes":"","jetpack_publicize_message":"","jetpack_publicize_feature_enabled":true,"jetpack_social_post_already_shared":false,"jetpack_social_options":{"image_generator_settings":{"template":"highway","default_image_id":0,"font":"","enabled":false},"version":2}},"categories":[1],"tags":[],"class_list":["post-3668","post","type-post","status-publish","format-standard","has-post-thumbnail","hentry","category-sin-categoria"],"blocksy_meta":[],"jetpack_publicize_connections":[],"jetpack_featured_media_url":"https:\/\/derechosinfronteras.pe\/wp-content\/uploads\/2021\/02\/NOTA-DIA-DE-LA-MUJER-DE-LAS-AMERICAS.jpg","jetpack_sharing_enabled":true,"jetpack_likes_enabled":true,"_links":{"self":[{"href":"https:\/\/derechosinfronteras.pe\/ingles\/wp-json\/wp\/v2\/posts\/3668","targetHints":{"allow":["GET"]}}],"collection":[{"href":"https:\/\/derechosinfronteras.pe\/ingles\/wp-json\/wp\/v2\/posts"}],"about":[{"href":"https:\/\/derechosinfronteras.pe\/ingles\/wp-json\/wp\/v2\/types\/post"}],"author":[{"embeddable":true,"href":"https:\/\/derechosinfronteras.pe\/ingles\/wp-json\/wp\/v2\/users\/1"}],"replies":[{"embeddable":true,"href":"https:\/\/derechosinfronteras.pe\/ingles\/wp-json\/wp\/v2\/comments?post=3668"}],"version-history":[{"count":0,"href":"https:\/\/derechosinfronteras.pe\/ingles\/wp-json\/wp\/v2\/posts\/3668\/revisions"}],"wp:featuredmedia":[{"embeddable":true,"href":"https:\/\/derechosinfronteras.pe\/ingles\/wp-json\/wp\/v2\/media\/3669"}],"wp:attachment":[{"href":"https:\/\/derechosinfronteras.pe\/ingles\/wp-json\/wp\/v2\/media?parent=3668"}],"wp:term":[{"taxonomy":"category","embeddable":true,"href":"https:\/\/derechosinfronteras.pe\/ingles\/wp-json\/wp\/v2\/categories?post=3668"},{"taxonomy":"post_tag","embeddable":true,"href":"https:\/\/derechosinfronteras.pe\/ingles\/wp-json\/wp\/v2\/tags?post=3668"}],"curies":[{"name":"wp","href":"https:\/\/api.w.org\/{rel}","templated":true}]}}