{"id":3670,"date":"2021-02-16T12:55:24","date_gmt":"2021-02-16T17:55:24","guid":{"rendered":"http:\/\/derechosinfronteras.pe\/?p=7189"},"modified":"2021-02-16T12:55:24","modified_gmt":"2021-02-16T17:55:24","slug":"gremios-acatan-paro-regional-por-inaccion-del-gobierno-para-atender-demandas","status":"publish","type":"post","link":"https:\/\/derechosinfronteras.pe\/ingles\/gremios-acatan-paro-regional-por-inaccion-del-gobierno-para-atender-demandas\/","title":{"rendered":"Gremios acatan paro regional por inacci\u00f3n del Gobierno para atender demandas"},"content":{"rendered":"<p>Redacci\u00f3n DHSF<\/p>\n<p>Diversas organizaciones sociales y gremios iniciaron hoy un paro regional de 24 horas por la inacci\u00f3n del Gobierno para atender las demandas de la poblaci\u00f3n en medio de la segunda ola de la COVID-19.<\/p>\n<p>Las y los manifestantes recorrieron las principales calles de la ciudad de Cusco contra el incremento del costo de vida (gas, combustible, tarifa de luz, agua, tel\u00e9fono y productos de primera necesidad).<\/p>\n<p>La plataforma de lucha tambi\u00e9n incluye el rechazo a las medidas extremas de cuarentena porque -seg\u00fan reclaman- afecta la reactivaci\u00f3n econ\u00f3mica de la peque\u00f1a y media empresa. Adem\u00e1s, piden la inmediata soluci\u00f3n a las demandas hist\u00f3ricas del sector agrario, salud, educaci\u00f3n y turismo, la anulaci\u00f3n del contrato Per\u00fa Rail y Fetransa, asimismo de las concesiones mineras de las cabeceras de cuenca y urgente nueva constituci\u00f3n a trav\u00e9s de asamblea constituyente.<\/p>\n<p>Hasta esta hora no se ha producido ning\u00fan incidente, seg\u00fan inform\u00f3 Pulso Regional.<\/p>","protected":false},"excerpt":{"rendered":"<p>Redacci\u00f3n DHSF Diversas organizaciones sociales y gremios iniciaron hoy un paro regional de 24 horas por la inacci\u00f3n del Gobierno para atender las demandas de la poblaci\u00f3n en medio de la segunda ola de la COVID-19. Las y los manifestantes recorrieron las principales calles de la ciudad de Cusco contra el incremento del costo de [&hellip;]<\/p>\n","protected":false},"author":1,"featured_media":3671,"comment_status":"open","ping_status":"open","sticky":false,"template":"","format":"standard","meta":{"_monsterinsights_skip_tracking":false,"_monsterinsights_sitenote_active":false,"_monsterinsights_sitenote_note":"","_monsterinsights_sitenote_category":0,"_jetpack_memberships_contains_paid_content":false,"footnotes":"","jetpack_publicize_message":"","jetpack_publicize_feature_enabled":true,"jetpack_social_post_already_shared":false,"jetpack_social_options":{"image_generator_settings":{"template":"highway","default_image_id":0,"font":"","enabled":false},"version":2}},"categories":[1],"tags":[],"class_list":["post-3670","post","type-post","status-publish","format-standard","has-post-thumbnail","hentry","category-sin-categoria"],"blocksy_meta":[],"jetpack_publicize_connections":[],"jetpack_featured_media_url":"https:\/\/derechosinfronteras.pe\/wp-content\/uploads\/2021\/02\/PARO-CUSCO.jpg","jetpack_sharing_enabled":true,"jetpack_likes_enabled":true,"_links":{"self":[{"href":"https:\/\/derechosinfronteras.pe\/ingles\/wp-json\/wp\/v2\/posts\/3670","targetHints":{"allow":["GET"]}}],"collection":[{"href":"https:\/\/derechosinfronteras.pe\/ingles\/wp-json\/wp\/v2\/posts"}],"about":[{"href":"https:\/\/derechosinfronteras.pe\/ingles\/wp-json\/wp\/v2\/types\/post"}],"author":[{"embeddable":true,"href":"https:\/\/derechosinfronteras.pe\/ingles\/wp-json\/wp\/v2\/users\/1"}],"replies":[{"embeddable":true,"href":"https:\/\/derechosinfronteras.pe\/ingles\/wp-json\/wp\/v2\/comments?post=3670"}],"version-history":[{"count":0,"href":"https:\/\/derechosinfronteras.pe\/ingles\/wp-json\/wp\/v2\/posts\/3670\/revisions"}],"wp:featuredmedia":[{"embeddable":true,"href":"https:\/\/derechosinfronteras.pe\/ingles\/wp-json\/wp\/v2\/media\/3671"}],"wp:attachment":[{"href":"https:\/\/derechosinfronteras.pe\/ingles\/wp-json\/wp\/v2\/media?parent=3670"}],"wp:term":[{"taxonomy":"category","embeddable":true,"href":"https:\/\/derechosinfronteras.pe\/ingles\/wp-json\/wp\/v2\/categories?post=3670"},{"taxonomy":"post_tag","embeddable":true,"href":"https:\/\/derechosinfronteras.pe\/ingles\/wp-json\/wp\/v2\/tags?post=3670"}],"curies":[{"name":"wp","href":"https:\/\/api.w.org\/{rel}","templated":true}]}}