{"id":3678,"date":"2021-02-08T17:16:18","date_gmt":"2021-02-08T22:16:18","guid":{"rendered":"http:\/\/derechosinfronteras.pe\/?p=7155"},"modified":"2021-02-08T17:16:18","modified_gmt":"2021-02-08T22:16:18","slug":"justicia-y-reparacion-victimas-de-esterilizaciones-forzadas-son-incluidas-en-plan-integral-de-reparaciones","status":"publish","type":"post","link":"https:\/\/derechosinfronteras.pe\/ingles\/justicia-y-reparacion-victimas-de-esterilizaciones-forzadas-son-incluidas-en-plan-integral-de-reparaciones\/","title":{"rendered":"Justicia y reparaci\u00f3n: V\u00edctimas de esterilizaciones forzadas son incluidas en Plan Integral de Reparaciones"},"content":{"rendered":"<p>Redacci\u00f3n DHSF<\/p>\n<p>Tras m\u00e1s de una d\u00e9cada de constante lucha, las v\u00edctimas de esterilizaciones forzadas fueron incluidas en la norma que recientemente promulg\u00f3 el Gobierno, la cual modifica los art\u00edculos 3 y 6 de la Ley que crea el Plan Integral de Reparaciones (Ley 923).<\/p>\n<p>De esta manera, las v\u00edctimas de violencia sexual en todas sus formas entre los a\u00f1os 80 y 90 podr\u00e1n acceder a reparaciones integrales.<\/p>\n<p>Esta noticia fue recibida como una se\u00f1al de esperanza para la presidenta de la Asociaci\u00f3n de Mujeres V\u00edctimas de Esterilizaciones Forzadas de Chumbivilcas, In\u00e9s Condori Anaya, quien dijo sentirse alegre de que al fin se haya reconocido el derecho de miles de mujeres peruanas.<\/p>\n<p>\u201cSeguro los ministros ahora van a trabajar por nosotras. Despu\u00e9s de tanto a\u00f1os de lucha, ahora vamos poder reclamar con base a una ley\u201d, declar\u00f3.<\/p>\n<p>As\u00ed como In\u00e9s, las asociadas de los distritos de Llusco y Santo Tom\u00e1s se mostraron sorprendidas con la promulgaci\u00f3n y a la vez exigieron al Ministerio de Justicia y Derechos Humanos adoptar las medidas necesarias para garantizar las reparaciones integrales.<\/p>\n<p>El a\u00f1o pasado, el \u201cPleno Mujer\u201d del Congreso de la Rep\u00fablica debati\u00f3 el proyecto de ley que buscaba modificar el art\u00edculo 3 y el literal b del art\u00edculo 6 a solicitud de la congresista Roc\u00edo Silva Santisteban. Luego, en enero de este a\u00f1o, la Comisi\u00f3n Permanente del Congreso aprob\u00f3 el texto sustitutorio del proyecto de ley y despu\u00e9s este fue exonerado de la segunda votaci\u00f3n.<\/p>\n<p>Esta iniciativa fue impulsada por la entonces congresista Tania Pariona y tambi\u00e9n sustentada por la titular de la Comisi\u00f3n de Justicia y Derechos Humanos.<\/p>\n<p>Vale precisar que m\u00e1s de 300 mil mujeres campesinas, ind\u00edgenas, andinas y amaz\u00f3nicas -que viv\u00edan en zonas rurales y urbano populares- fueron esterilizadas sin su consentimiento libre e informado en el marco del Programa Nacional de Salud Reproductiva y Planificaci\u00f3n Familiar entre 1996 y 2000.<\/p>\n<p>Con esta norma que reconoce el derecho a reparaciones, las sobrevivientes podr\u00e1n recibir atenci\u00f3n integral de salud, asistencia psicol\u00f3gica, entre otros servicios.<\/p>\n<p><a href=\"https:\/\/busquedas.elperuano.pe\/normaslegales\/ley-que-modifica-los-articulos-3-y-6-de-la-ley-28592-ley-qu-ley-n-31119-1926075-2\/?_ga=2.253155339.38567553.1612794597-1840789389.1583242158\" target=\"_blank\" rel=\"noopener\">AQU\u00cd<\/a>, puedes leer \u00edntegramente la ley que modifica ambos art\u00edculos.<\/p>","protected":false},"excerpt":{"rendered":"<p>Redacci\u00f3n DHSF Tras m\u00e1s de una d\u00e9cada de constante lucha, las v\u00edctimas de esterilizaciones forzadas fueron incluidas en la norma que recientemente promulg\u00f3 el Gobierno, la cual modifica los art\u00edculos 3 y 6 de la Ley que crea el Plan Integral de Reparaciones (Ley 923). De esta manera, las v\u00edctimas de violencia sexual en todas [&hellip;]<\/p>\n","protected":false},"author":1,"featured_media":3679,"comment_status":"open","ping_status":"open","sticky":false,"template":"","format":"standard","meta":{"_monsterinsights_skip_tracking":false,"_monsterinsights_sitenote_active":false,"_monsterinsights_sitenote_note":"","_monsterinsights_sitenote_category":0,"_jetpack_memberships_contains_paid_content":false,"footnotes":"","jetpack_publicize_message":"","jetpack_publicize_feature_enabled":true,"jetpack_social_post_already_shared":false,"jetpack_social_options":{"image_generator_settings":{"template":"highway","default_image_id":0,"font":"","enabled":false},"version":2}},"categories":[1],"tags":[],"class_list":["post-3678","post","type-post","status-publish","format-standard","has-post-thumbnail","hentry","category-sin-categoria"],"blocksy_meta":[],"jetpack_publicize_connections":[],"jetpack_featured_media_url":"https:\/\/derechosinfronteras.pe\/wp-content\/uploads\/2021\/02\/no-ta-reparaciones-integrales.jpg","jetpack_sharing_enabled":true,"jetpack_likes_enabled":true,"_links":{"self":[{"href":"https:\/\/derechosinfronteras.pe\/ingles\/wp-json\/wp\/v2\/posts\/3678","targetHints":{"allow":["GET"]}}],"collection":[{"href":"https:\/\/derechosinfronteras.pe\/ingles\/wp-json\/wp\/v2\/posts"}],"about":[{"href":"https:\/\/derechosinfronteras.pe\/ingles\/wp-json\/wp\/v2\/types\/post"}],"author":[{"embeddable":true,"href":"https:\/\/derechosinfronteras.pe\/ingles\/wp-json\/wp\/v2\/users\/1"}],"replies":[{"embeddable":true,"href":"https:\/\/derechosinfronteras.pe\/ingles\/wp-json\/wp\/v2\/comments?post=3678"}],"version-history":[{"count":0,"href":"https:\/\/derechosinfronteras.pe\/ingles\/wp-json\/wp\/v2\/posts\/3678\/revisions"}],"wp:featuredmedia":[{"embeddable":true,"href":"https:\/\/derechosinfronteras.pe\/ingles\/wp-json\/wp\/v2\/media\/3679"}],"wp:attachment":[{"href":"https:\/\/derechosinfronteras.pe\/ingles\/wp-json\/wp\/v2\/media?parent=3678"}],"wp:term":[{"taxonomy":"category","embeddable":true,"href":"https:\/\/derechosinfronteras.pe\/ingles\/wp-json\/wp\/v2\/categories?post=3678"},{"taxonomy":"post_tag","embeddable":true,"href":"https:\/\/derechosinfronteras.pe\/ingles\/wp-json\/wp\/v2\/tags?post=3678"}],"curies":[{"name":"wp","href":"https:\/\/api.w.org\/{rel}","templated":true}]}}