{"id":3682,"date":"2021-02-03T18:08:06","date_gmt":"2021-02-03T23:08:06","guid":{"rendered":"http:\/\/derechosinfronteras.pe\/?p=7137"},"modified":"2021-02-03T18:08:06","modified_gmt":"2021-02-03T23:08:06","slug":"caso-anabi-llusco-manana-es-la-lectura-de-sentencia-en-segunda-instancia-contra-defensores-ambientales","status":"publish","type":"post","link":"https:\/\/derechosinfronteras.pe\/ingles\/caso-anabi-llusco-manana-es-la-lectura-de-sentencia-en-segunda-instancia-contra-defensores-ambientales\/","title":{"rendered":"Caso Anabi \u2013 Llusco: Ma\u00f1ana es la lectura de sentencia en segunda instancia contra defensores ambientales"},"content":{"rendered":"<p>Redacci\u00f3n DHSF<\/p>\n<p>Tras 9 a\u00f1os de lucha, el caso de criminalizaci\u00f3n de los defensores\/defensoras ambientales del distrito de Llusco, provincia de Chumbivilcas, llega ma\u00f1ana a la etapa final con la lectura de sentencia en segunda instancia por parte de los jueces de la Sala Mixta Descentralizada de Canchis.<\/p>\n<p>Esta historia empez\u00f3 el 5 de febrero de 2012, cuando se produjo el incendio del campamento minero de la empresa Anabi SAC en medio de protestas que fueron utilizadas como excusa para criminalizar sin prueba alguna a 10 l\u00edderes\/lideresas sociales.<\/p>\n<p>Hasta la fecha no se ha podido demostrar si los dirigentes procesados cometieron una serie de delitos como secuestro, violaci\u00f3n de domicilio, robo agravado, da\u00f1o agravado a la propiedad privada, entorpecimiento de medios de transporte, disturbios, entre otros.<\/p>\n<p>Este caso de criminalizaci\u00f3n de la protesta social fue resuelto en primera instancia por el Juzgado Penal Colegiado Supraprovincial Permanente con Sede en Cuzco \u2013 Colegiado B, el pasado 6 de enero del presente a\u00f1o, con la absoluci\u00f3n de todos los imputados. Adem\u00e1s, las deficiencias de la investigaci\u00f3n y la actuaci\u00f3n de las pruebas de cargo de juicio fueron cuestionadas severamente por el colegiado.<\/p>\n<p>Sin embargo, la Fiscal\u00eda y los abogados de la empresa minera Anabi SAC apelaron la sentencia. Las audiencias de apelaci\u00f3n se realizaron el 12, 19 y 25 de enero de 2021, concluyendo ma\u00f1ana con la lectura de la sentencia.<\/p>\n<p>Cabe mencionar que, por los atropellos constantes de la empresa minera Anabi SAC y por el completo abandono del Estado a la protecci\u00f3n de derechos y la falta de atenci\u00f3n de las necesidades de los pobladores, entre noviembre de 2011 y febrero de 2012, en ejercicio leg\u00edtimo de su derecho a la protesta, los pobladores de Llusco iniciaron una protesta pac\u00edfica exigiendo al Estado un di\u00e1logo para hacer llegar sus quejas y necesidades.<\/p>","protected":false},"excerpt":{"rendered":"<p>Redacci\u00f3n DHSF Tras 9 a\u00f1os de lucha, el caso de criminalizaci\u00f3n de los defensores\/defensoras ambientales del distrito de Llusco, provincia de Chumbivilcas, llega ma\u00f1ana a la etapa final con la lectura de sentencia en segunda instancia por parte de los jueces de la Sala Mixta Descentralizada de Canchis. Esta historia empez\u00f3 el 5 de febrero [&hellip;]<\/p>\n","protected":false},"author":1,"featured_media":3683,"comment_status":"open","ping_status":"open","sticky":false,"template":"","format":"standard","meta":{"_monsterinsights_skip_tracking":false,"_monsterinsights_sitenote_active":false,"_monsterinsights_sitenote_note":"","_monsterinsights_sitenote_category":0,"_jetpack_memberships_contains_paid_content":false,"footnotes":"","jetpack_publicize_message":"","jetpack_publicize_feature_enabled":true,"jetpack_social_post_already_shared":false,"jetpack_social_options":{"image_generator_settings":{"template":"highway","default_image_id":0,"font":"","enabled":false},"version":2}},"categories":[1],"tags":[],"class_list":["post-3682","post","type-post","status-publish","format-standard","has-post-thumbnail","hentry","category-sin-categoria"],"blocksy_meta":[],"jetpack_publicize_connections":[],"jetpack_featured_media_url":"https:\/\/derechosinfronteras.pe\/wp-content\/uploads\/2021\/02\/NOTA-lectura-de-sentencia-caso-anabi.jpg","jetpack_sharing_enabled":true,"jetpack_likes_enabled":true,"_links":{"self":[{"href":"https:\/\/derechosinfronteras.pe\/ingles\/wp-json\/wp\/v2\/posts\/3682","targetHints":{"allow":["GET"]}}],"collection":[{"href":"https:\/\/derechosinfronteras.pe\/ingles\/wp-json\/wp\/v2\/posts"}],"about":[{"href":"https:\/\/derechosinfronteras.pe\/ingles\/wp-json\/wp\/v2\/types\/post"}],"author":[{"embeddable":true,"href":"https:\/\/derechosinfronteras.pe\/ingles\/wp-json\/wp\/v2\/users\/1"}],"replies":[{"embeddable":true,"href":"https:\/\/derechosinfronteras.pe\/ingles\/wp-json\/wp\/v2\/comments?post=3682"}],"version-history":[{"count":0,"href":"https:\/\/derechosinfronteras.pe\/ingles\/wp-json\/wp\/v2\/posts\/3682\/revisions"}],"wp:featuredmedia":[{"embeddable":true,"href":"https:\/\/derechosinfronteras.pe\/ingles\/wp-json\/wp\/v2\/media\/3683"}],"wp:attachment":[{"href":"https:\/\/derechosinfronteras.pe\/ingles\/wp-json\/wp\/v2\/media?parent=3682"}],"wp:term":[{"taxonomy":"category","embeddable":true,"href":"https:\/\/derechosinfronteras.pe\/ingles\/wp-json\/wp\/v2\/categories?post=3682"},{"taxonomy":"post_tag","embeddable":true,"href":"https:\/\/derechosinfronteras.pe\/ingles\/wp-json\/wp\/v2\/tags?post=3682"}],"curies":[{"name":"wp","href":"https:\/\/api.w.org\/{rel}","templated":true}]}}