{"id":3686,"date":"2021-01-28T17:27:32","date_gmt":"2021-01-28T22:27:32","guid":{"rendered":"http:\/\/derechosinfronteras.pe\/?p=7121"},"modified":"2021-01-28T17:27:32","modified_gmt":"2021-01-28T22:27:32","slug":"2021-nuevamente-en-cuarentena-confinados-y-con-conflictos-mineros-latentes","status":"publish","type":"post","link":"https:\/\/derechosinfronteras.pe\/ingles\/2021-nuevamente-en-cuarentena-confinados-y-con-conflictos-mineros-latentes\/","title":{"rendered":"2021: Nuevamente en cuarentena, confinados y con conflictos mineros latentes"},"content":{"rendered":"<p style=\"text-align: right;\"><strong>Por: Blga. Karem Luque \u2013<\/strong><\/p>\n<p style=\"text-align: right;\"><strong>\u00c1rea de Derechos Colectivos y Medio Ambiente<\/strong><\/p>\n<p>En marzo del 2020, el pa\u00eds entero recib\u00eda a trav\u00e9s de los medios de comunicaci\u00f3n la informaci\u00f3n del inicio de un confinamiento social para evitar el contagio del coronavirus que por su propagaci\u00f3n mundial ya se convert\u00eda en una pandemia, la cual fue ocasionada por un microsc\u00f3pico organismo viral, pero con efectos mortales que anunciaban una gran cat\u00e1strofe en nuestro sistema de salud p\u00fablica, algo que no ha cambiado en nada en esta nueva segunda ola del coronavirus en nuestro pa\u00eds.<\/p>\n<p>Previamente a toda la crisis desatada no solo en salud sino en educaci\u00f3n, saneamiento, agricultura, econom\u00eda, entre otros; en el corredor minero del sur andino ya viv\u00edamos en una especie de normalizaci\u00f3n de los conflictos sociales, debido a que ten\u00edamos constantes estados de emergencia \u201cpreventivos\u201d, criminalizaci\u00f3n de protestas sociales, impactos ambientales por las actividades mineras, problem\u00e1ticas constantes que ped\u00edan y requer\u00edan atenci\u00f3n urgente por parte del Estado. Las mesas de di\u00e1logo no estaban siendo la garant\u00eda para la resoluci\u00f3n de estos conflictos socioambientales, esto sumado a la poca respuesta de las instancias fiscalizadoras en materia ambiental que demandaban las comunidades locales.<\/p>\n<p>Por su parte, la provincia de Chumbivilcas tuvo una reacci\u00f3n heroica para imponer orden y seguridad durante la pandemia. Las rondas campesinas se organizaban y reforzaban los controles para resguardar su salud, una pr\u00e1ctica de cuidado colectivo que era admirable y muy arriesgado para estas personas y sus familias, pero que fue siendo un gran soporte organizacional para controlar los contagios en la provincia. Las personas y su ingreso pod\u00edan controlarse, pero no pudieron con la normalidad funcional de las empresas mineras, quienes privilegiadamente \u2013 con autorizaci\u00f3n del gobierno \u2013 segu\u00edan transitando y reportando entre sus trabajadores los primeros casos de COVID-19<a href=\"#_ftn1\" name=\"_ftnref1\">[1]<\/a>.<\/p>\n<p>El escenario de pandemia era muy bien aprovechado por el gobierno y las empresas mineras para debilitar a\u00fan m\u00e1s la institucionalidad ambiental en el pa\u00eds, tal como ocurri\u00f3 con el D.L. 1500 que promov\u00eda la virtualizaci\u00f3n de la participaci\u00f3n ciudadana, y que para el proceso de socializaci\u00f3n del MEIA Pampacancha sirvi\u00f3 de excusa para que a trav\u00e9s del Google Meet pudieran imponer una nueva forma de acelerar licencias sociales sin respetar los criterios de interculturalidad que debe ser aplicado con las comunidades originarias. Asimismo, dicho decreto debilit\u00f3 la fiscalizaci\u00f3n ambiental ya que exoneraba los reportes ambientales que debieran hacer las empresas mineras para no generar impactos en el medio ambiente.<\/p>\n<p>En medio de toda esta crisis que va tocando fondo a los bolsillos de los peruanos y peruanas, los pobladores de los distritos de Livitaca, Chamaca y Velille (provincia de Chumbivilcas), pertenecientes al \u00e1rea de influencia directa del proyecto minero Constancia \u2013 Hudbay, emprendieron desde la quincena de enero medidas de lucha para poder retomar las mesas de di\u00e1logo no concluidas en sus distritos. La demanda de la poblaci\u00f3n local era pedir una real atenci\u00f3n que el propio Estado, a trav\u00e9s del Organismo de Evaluaci\u00f3n y Fiscalizaci\u00f3n Ambiental \u2013 Oefa, advirti\u00f3 en el 2019. Los impactos ambientales que se reportaron en el estudio denominado \u201cFiscalizaci\u00f3n Ambiental Corredor Vial \u00e1mbito de la provincia de Chumbivilcas\u201d reflejaban que para el componente aire 02 de las 10 estaciones monitoreadas superaban los Est\u00e1ndares de Calidad Ambiental \u2013 ECA\u2019s para aire, asimismo, para el componente ruido 22 de las 26 estaciones monitoreadas superaban los ECA\u2019s.<\/p>\n<p>Todos estos excedentes estaban relacionados al exceso de paso de transporte de concentrados de mineral donde se inclu\u00eda a la empresa minera MMG Las Bambas. A partir de esta presentaci\u00f3n p\u00fablica, \u00a0el Oefa realiz\u00f3 una serie de medidas preventivas y correctivas para minimizar los impactos ambientales de las zonas estudiadas como por ejemplo: a) Implementar mecanismos de mitigaci\u00f3n de material particulado, b) Restringir el flujo de transporte de concentrados entre las 18:00 hasta las 05:00 horas y, c) Ordenar a la empresa minera MMG Las Bambas modificar y\/o actualizar su estudio de impacto ambiental. Muchas de estas medidas no fueron cumplidas en su totalidad.<\/p>\n<p>Finalmente, considerando los graves riesgos a la salud por la ingesta de metales t\u00f3xicos que se generan producto de los impactos ambientales de las actividades mineras tal como se refleja en Espinar, Cerro de Pasco, La Oroya, Puno, entre otros lugares, es necesario ver con detenimiento los determinantes sociales y ambientales que ya son parte de Chumbivilcas. El costo de vida es cada vez m\u00e1s alto para los que no dependen de la miner\u00eda, implementar sistemas de saneamiento de calidad no son prioridad para las autoridades locales. La d\u00e9bil fiscalizaci\u00f3n ambiental durante la pandemia, sumado a la precariedad en los centros de salud desencadenar\u00e1 a futuro conflictos por el agua, por la salud y la vida. Las luchas de ahora tienen que ver tambi\u00e9n con luchas por sobrevivir ante un sistema que enriquece m\u00e1s a unos cuantos y prefiere sacrificar a muchos otros.<\/p>\n<p><strong>Fuentes bibliogr\u00e1ficas:<\/strong><\/p>\n<p><a href=\"#_ftnref1\" name=\"_ftn1\">[1]<\/a> Los reportes oficiales del MINEM a nivel nacional sobre el contagio de trabajadores mineros hasta fines de agosto sumaron 4634 casos, lo cual represento un gran peligro para las comunidades aleda\u00f1as a estos proyectos mineros, HudBay no se manten\u00eda al margen a esta suma de casos de trabajadores mineros.<\/p>\n","protected":false},"excerpt":{"rendered":"<p>Por: Blga. Karem Luque \u2013 \u00c1rea de Derechos Colectivos y Medio Ambiente En marzo del 2020, el pa\u00eds entero recib\u00eda a trav\u00e9s de los medios de comunicaci\u00f3n la informaci\u00f3n del inicio de un confinamiento social para evitar el contagio del coronavirus que por su propagaci\u00f3n mundial ya se convert\u00eda en una pandemia, la cual fue [&hellip;]<\/p>\n","protected":false},"author":1,"featured_media":3687,"comment_status":"open","ping_status":"open","sticky":false,"template":"","format":"standard","meta":{"_monsterinsights_skip_tracking":false,"_monsterinsights_sitenote_active":false,"_monsterinsights_sitenote_note":"","_monsterinsights_sitenote_category":0,"_jetpack_memberships_contains_paid_content":false,"footnotes":"","jetpack_publicize_message":"","jetpack_publicize_feature_enabled":true,"jetpack_social_post_already_shared":false,"jetpack_social_options":{"image_generator_settings":{"template":"highway","default_image_id":0,"font":"","enabled":false},"version":2}},"categories":[1],"tags":[],"class_list":["post-3686","post","type-post","status-publish","format-standard","has-post-thumbnail","hentry","category-sin-categoria"],"blocksy_meta":[],"jetpack_publicize_connections":[],"jetpack_featured_media_url":"https:\/\/derechosinfronteras.pe\/wp-content\/uploads\/2021\/01\/articulo-Karem.jpg","jetpack_sharing_enabled":true,"jetpack_likes_enabled":true,"_links":{"self":[{"href":"https:\/\/derechosinfronteras.pe\/ingles\/wp-json\/wp\/v2\/posts\/3686","targetHints":{"allow":["GET"]}}],"collection":[{"href":"https:\/\/derechosinfronteras.pe\/ingles\/wp-json\/wp\/v2\/posts"}],"about":[{"href":"https:\/\/derechosinfronteras.pe\/ingles\/wp-json\/wp\/v2\/types\/post"}],"author":[{"embeddable":true,"href":"https:\/\/derechosinfronteras.pe\/ingles\/wp-json\/wp\/v2\/users\/1"}],"replies":[{"embeddable":true,"href":"https:\/\/derechosinfronteras.pe\/ingles\/wp-json\/wp\/v2\/comments?post=3686"}],"version-history":[{"count":0,"href":"https:\/\/derechosinfronteras.pe\/ingles\/wp-json\/wp\/v2\/posts\/3686\/revisions"}],"wp:featuredmedia":[{"embeddable":true,"href":"https:\/\/derechosinfronteras.pe\/ingles\/wp-json\/wp\/v2\/media\/3687"}],"wp:attachment":[{"href":"https:\/\/derechosinfronteras.pe\/ingles\/wp-json\/wp\/v2\/media?parent=3686"}],"wp:term":[{"taxonomy":"category","embeddable":true,"href":"https:\/\/derechosinfronteras.pe\/ingles\/wp-json\/wp\/v2\/categories?post=3686"},{"taxonomy":"post_tag","embeddable":true,"href":"https:\/\/derechosinfronteras.pe\/ingles\/wp-json\/wp\/v2\/tags?post=3686"}],"curies":[{"name":"wp","href":"https:\/\/api.w.org\/{rel}","templated":true}]}}