{"id":3688,"date":"2021-01-27T12:40:18","date_gmt":"2021-01-27T17:40:18","guid":{"rendered":"http:\/\/derechosinfronteras.pe\/?p=7116"},"modified":"2021-01-27T12:40:18","modified_gmt":"2021-01-27T17:40:18","slug":"espinar-suenan-los-tambores-de-lucha","status":"publish","type":"post","link":"https:\/\/derechosinfronteras.pe\/ingles\/espinar-suenan-los-tambores-de-lucha\/","title":{"rendered":"Espinar: Suenan los tambores de lucha"},"content":{"rendered":"<p style=\"text-align: right;\"><strong>Por: Mauro Timoteo Casta\u00f1eda Asencio \u2013 <\/strong><\/p>\n<p style=\"text-align: right;\"><strong>\u00c1rea de Derechos Colectivos y Medio Ambiente<\/strong><\/p>\n<p>Espinar es una provincia de la regi\u00f3n Cusco que viene conviviendo casi 40 a\u00f1os con las actividades extractivas. La gran miner\u00eda en vez de traer oportunidades y generar el verdadero desarrollo sostenible de la provincia, ha venido generando impactos sociales, econ\u00f3micos, ambientales, afectaciones a la salud humana y vulneraci\u00f3n de derechos colectivos.<\/p>\n<p>En contraste, a la investigaci\u00f3n de Impactos mineros invisibilizados<a href=\"#_ftn1\" name=\"_ftnref1\">[1]<\/a>, Espinar es el escenario de una permanente conflictividad socioambiental con vulneraci\u00f3n de derechos humanos que quedan en la impunidad total sin alcanzar la justicia. Los l\u00edderes y lideresas son constantemente estigmatizados y criminalizados por el hecho de ejercer su derecho a protestar y defender sus derechos. Un ejemplo es la \u00faltima notificaci\u00f3n, con fecha 20 de enero, que recibieron los dirigentes por parte del Ministerio P\u00fablico por la presunta comisi\u00f3n del delito contra la administraci\u00f3n p\u00fablica, en su tipo de resistencia o desobediencia a la autoridad contra la salud p\u00fablica. El sistema de justicia antes que identificar a los actores sociales que causan las huelgas prefiere perseguir constantemente a los l\u00edderes sociales.<\/p>\n<p>Econ\u00f3micamente, las familias viven en la pobreza y extrema pobreza, sin oportunidades reales de trabajo, sufren la mortandad de sus animales y la p\u00e9rdida del valor de sus productos a efectos de la contaminaci\u00f3n. A nivel ambiental, las comunidades tienen sus tierras, su aire y sus principales r\u00edos y fuentes de agua contaminados; adem\u00e1s, de la contaminaci\u00f3n del transporte minero por el Corredor Minero del Sur<a href=\"#_ftn2\" name=\"_ftnref2\">[2]<\/a>. A ello se suma otro problema mayor que es la afectaci\u00f3n a la salud humana por la ingesta de los metales t\u00f3xicos a m\u00e1s de 1621 personas registradas<a href=\"#_ftn3\" name=\"_ftnref3\">[3]<\/a> que hasta la fecha no reciben ninguna atenci\u00f3n sanitaria del Estado ni de la empresa minera. Tal como lo se\u00f1ala la Organizaci\u00f3n Mundial de la Salud existen graves da\u00f1os a la salud por la ingesta de metales t\u00f3xicos como problemas renales, enfermedades cardiovasculares, dolores de cabeza, huesos, m\u00fasculos, c\u00e1ncer, leucemia, p\u00e9rdida de visi\u00f3n, entre otros.<\/p>\n<p>Espinar pese a convivir con la millonaria empresa minera suiza Glencore, que tuvo ventas anuales por S\/. 3\u2019690,612.000 en el 2016, una producci\u00f3n de cobre de 221,399 toneladas (TMF) y 3\u2019563,015 de gramos finos de oro con una tendencia de producci\u00f3n que se ha mantenido hasta el 2019 y 2020<a href=\"#_ftn4\" name=\"_ftnref4\">[4]<\/a>, no ha mejorado la precariedad de su sistema sanitario, educativo, vial ni mucho menos ha garantizado el acceso a un servicio de agua de calidad. Al contrario, los problemas socioambientales como la pobreza, la contaminaci\u00f3n ambiental, los impactos diferenciados en la vida de las mujeres, la afectaci\u00f3n de la salud por los metales t\u00f3xicos y la vulneraci\u00f3n de los derechos humanos distan con la realidad, el mito del desarrollo sostenible que tanto predican las empresas mineras.<\/p>\n<p>Todas estas problem\u00e1ticas sumado a los incumplimientos de compromisos ha sido la materia prima de los constantes conflictos socioambientales, en especial, el conflicto de julio de 2020 donde, en plena pandemia y estado de emergencia sanitaria, la poblaci\u00f3n autoconvocada luch\u00f3 por m\u00e1s de 24 d\u00edas en busca de una soluci\u00f3n necesaria, urgente, real y concreta a trav\u00e9s de una mesa de dialogo con el Estado.<\/p>\n<p>Esta mesa de dialogo de la provincia de Espinar con una comisi\u00f3n de alto nivel del poder ejecutivo se instal\u00f3 con la promesa de resolver todos los puntos de la plataforma de lucha; sin embargo, apenas desactivado el conflicto social con el pretexto de la pandemia del coronavirus, abandonaron la mesa de dialogo dejando incumplidos los puntos de la plataforma de lucha. A seis meses, solo se ha atendido el primer punto de la plataforma de lucha, el de otorgar el bono econ\u00f3mico para la reactivaci\u00f3n econ\u00f3mica de los espinarenses. Los problemas de fondo como la reformulaci\u00f3n del Convenio Marco, la ampliaci\u00f3n del proyecto Corocohuaycco, la justicia ambiental del corredor minero, la atenci\u00f3n inmediata a los afectados por metales t\u00f3xicos, la conformaci\u00f3n de una comisi\u00f3n de justicia y derechos humanos han quedado irresueltos, en el completo abandono y desatenci\u00f3n del Estado peruano. \u00a0Adem\u00e1s, la mesa de di\u00e1logo y los puntos de la plataforma de lucha no han sido reconocidos a trav\u00e9s de una resoluci\u00f3n ministerial, un instrumento jur\u00eddico que institucionalice y obligue a las partes a cumplir con el dialogo y los acuerdos que se alcance.<\/p>\n<p>Es as\u00ed que, los y las espinarenses cansados de las permanentes burlas del Estado y la empresa minera, en una asamblea multiorganizacional de la provincia, realizada el 13 de enero del 2020, aprob\u00f3 por unanimidad retomar la huelga indefinida a partir del 28 de enero del presente a\u00f1o, por el abandono de la mesa de di\u00e1logo y el incumplimiento de la plataforma de lucha, tal como se difundi\u00f3 a trav\u00e9s de una nota de prensa a la opini\u00f3n p\u00fablica de Espinar.<\/p>\n<p>Frente a esta situaci\u00f3n de conflicto en escalamiento, el Ministerio de Energ\u00eda y Minas &#8211; Minem respondi\u00f3 con el oficio N\u00b0 015- 2021 MINEM- OGGS, de fecha 21 de enero, que por la situaci\u00f3n de la pandemia y a fin de salvaguardar la salud, propone una reuni\u00f3n virtual y que una comisi\u00f3n de autoridades y dirigentes de Espinar viajen a la ciudad de Lima. Espinar rechaz\u00f3 la propuesta virtual y la comitiva; puesto que, en la vecina provincia de Chumbivilcas se viene desarrollando mesas de di\u00e1logo presenciales cumpliendo todos los protocolos de salud y seguridad.<\/p>\n<p>Asimismo, la Presidencia de Consejo de Ministros &#8211; PCM da una respuesta desesperada con la RM N\u00b0 032\u20132021\u2013PCM, con la que conforma el grupo de trabajo denominado Mesa de di\u00e1logo para el desarrollo sostenible de la provincia de Espinar, una resoluci\u00f3n\u00a0 unilateral sin participaci\u00f3n\u00a0 de la sociedad civil que ignora por completo la lucha del 2020, no incorpora la integridad de la plataforma de lucha en los subgrupos de trabajo y restringe la participaci\u00f3n de los representantes de organizaciones sociales. Un instrumento que, en vez de democratizar y transparentar, termina burocratizando y elitizando las mesas de di\u00e1logo.<\/p>\n<p>Finalmente, el 25 de enero, nuevamente en una asamblea multiorganizacional rechazaron categ\u00f3ricamente las posiciones pretensiosas de la PCM y el MINEM y por ello, elev\u00f3 un memorial exigiendo la presencia de la comisi\u00f3n de alto nivel en Espinar y rectificaci\u00f3n de la RM N\u00b0 03 \u20132021\u2013PCM, en un plazo de 72 horas, para la reinstalaci\u00f3n de la mesa de di\u00e1logo; de lo contrario, Espinar, ratifica que el 28 de enero inicia la huelga indefinida.<\/p>\n<p>Lamentablemente, el Estado peruano no tiene una pol\u00edtica nacional clara ni enfoque ni estrategias sostenibles para abordar los conflictos sociales y las mesas de di\u00e1logo. No existe un di\u00e1logo genuino, democr\u00e1tico, productivo y sobre todo de buena fe que resuelva las causas de fondo y con perspectiva a largo plazo, sino todo lo contrario, son mesas de dialogo nominales, unilaterales, poco transparentes, agotadores y parcializados a las empresas mineras, m\u00e1s que resolver el conflicto crean y alimentan las condiciones para un futuro conflicto social.<\/p>\n<p><strong>Fuentes bibliogr\u00e1ficas:<\/strong><\/p>\n<p><a href=\"#_ftnref1\" name=\"_ftn1\">[1]<\/a> Estudio realizado por Derechos Humanos Sin Fronteras, disponible en: <a href=\"https:\/\/es.scribd.com\/document\/443647321\/Estudio-Impactos-Mineros-Invisibilizados-HudBay-Cusco-DHSF\" target=\"_blank\" rel=\"noopener\">https:\/\/es.scribd.com\/document\/443647321\/Estudio-Impactos-Mineros-Invisibilizados-HudBay-Cusco-DHSF<\/a><\/p>\n<p><a href=\"#_ftnref2\" name=\"_ftn2\">[2]<\/a> Resumen ejecutivo, Impactos de las empresas mineras en los derechos humanos en el corredor minero del sur andino, disponible en: <a href=\"http:\/\/cooperaccion.org.pe\/wp-content\/uploads\/2019\/09\/Reporte-de-impactos.pdf\" target=\"_blank\" rel=\"noopener\">http:\/\/cooperaccion.org.pe\/wp-content\/uploads\/2019\/09\/Reporte-de-impactos.pdf<\/a><\/p>\n<p><a href=\"#_ftnref3\" name=\"_ftn3\">[3]<\/a> Data registrada por Derechos Humanos Sin Fronteras a partir de los informes de la DIRESA, MINSA hasta el 2019.<\/p>\n<p><a href=\"#_ftnref4\" name=\"_ftn4\">[4]<\/a> Reporte especial N\u00b0 1-2020-DHSF\/CNDDHH. Violaciones de derechos humanos que deben investigarse y repararse en la protesta social de Espinar, Cusco, Per\u00fa en julio del 2020.<\/p>\n","protected":false},"excerpt":{"rendered":"<p>Por: Mauro Timoteo Casta\u00f1eda Asencio \u2013 \u00c1rea de Derechos Colectivos y Medio Ambiente Espinar es una provincia de la regi\u00f3n Cusco que viene conviviendo casi 40 a\u00f1os con las actividades extractivas. La gran miner\u00eda en vez de traer oportunidades y generar el verdadero desarrollo sostenible de la provincia, ha venido generando impactos sociales, econ\u00f3micos, ambientales, [&hellip;]<\/p>\n","protected":false},"author":1,"featured_media":3689,"comment_status":"open","ping_status":"open","sticky":false,"template":"","format":"standard","meta":{"_monsterinsights_skip_tracking":false,"_monsterinsights_sitenote_active":false,"_monsterinsights_sitenote_note":"","_monsterinsights_sitenote_category":0,"_jetpack_memberships_contains_paid_content":false,"footnotes":"","jetpack_publicize_message":"","jetpack_publicize_feature_enabled":true,"jetpack_social_post_already_shared":false,"jetpack_social_options":{"image_generator_settings":{"template":"highway","default_image_id":0,"font":"","enabled":false},"version":2}},"categories":[1],"tags":[],"class_list":["post-3688","post","type-post","status-publish","format-standard","has-post-thumbnail","hentry","category-sin-categoria"],"blocksy_meta":[],"jetpack_publicize_connections":[],"jetpack_featured_media_url":"https:\/\/derechosinfronteras.pe\/wp-content\/uploads\/2021\/01\/foto-articulo-Timoteo.jpg","jetpack_sharing_enabled":true,"jetpack_likes_enabled":true,"_links":{"self":[{"href":"https:\/\/derechosinfronteras.pe\/ingles\/wp-json\/wp\/v2\/posts\/3688","targetHints":{"allow":["GET"]}}],"collection":[{"href":"https:\/\/derechosinfronteras.pe\/ingles\/wp-json\/wp\/v2\/posts"}],"about":[{"href":"https:\/\/derechosinfronteras.pe\/ingles\/wp-json\/wp\/v2\/types\/post"}],"author":[{"embeddable":true,"href":"https:\/\/derechosinfronteras.pe\/ingles\/wp-json\/wp\/v2\/users\/1"}],"replies":[{"embeddable":true,"href":"https:\/\/derechosinfronteras.pe\/ingles\/wp-json\/wp\/v2\/comments?post=3688"}],"version-history":[{"count":0,"href":"https:\/\/derechosinfronteras.pe\/ingles\/wp-json\/wp\/v2\/posts\/3688\/revisions"}],"wp:featuredmedia":[{"embeddable":true,"href":"https:\/\/derechosinfronteras.pe\/ingles\/wp-json\/wp\/v2\/media\/3689"}],"wp:attachment":[{"href":"https:\/\/derechosinfronteras.pe\/ingles\/wp-json\/wp\/v2\/media?parent=3688"}],"wp:term":[{"taxonomy":"category","embeddable":true,"href":"https:\/\/derechosinfronteras.pe\/ingles\/wp-json\/wp\/v2\/categories?post=3688"},{"taxonomy":"post_tag","embeddable":true,"href":"https:\/\/derechosinfronteras.pe\/ingles\/wp-json\/wp\/v2\/tags?post=3688"}],"curies":[{"name":"wp","href":"https:\/\/api.w.org\/{rel}","templated":true}]}}