{"id":3692,"date":"2021-01-25T17:08:03","date_gmt":"2021-01-25T22:08:03","guid":{"rendered":"http:\/\/derechosinfronteras.pe\/?p=7096"},"modified":"2021-01-25T17:08:03","modified_gmt":"2021-01-25T22:08:03","slug":"por-fin-pj-reprograma-audiencia-de-sustentacion-de-cargos-por-el-caso-esterilizaciones-forzadas","status":"publish","type":"post","link":"https:\/\/derechosinfronteras.pe\/ingles\/por-fin-pj-reprograma-audiencia-de-sustentacion-de-cargos-por-el-caso-esterilizaciones-forzadas\/","title":{"rendered":"\u00a1Por fin!: PJ reprograma audiencia de sustentaci\u00f3n de cargos por el caso esterilizaciones forzadas"},"content":{"rendered":"<p>Redacci\u00f3n DHSF<\/p>\n<p>El Poder Judicial reprogram\u00f3 la audiencia de sustentaci\u00f3n de cargos contra los presuntos autores mediatos de la pol\u00edtica de esterilizaciones forzadas, tras la presi\u00f3n medi\u00e1tica hecha por diferentes colectivos feministas, organizaciones de derechos humanos y ciudadanas.<\/p>\n<p>La diligencia virtual fue fijada para el pr\u00f3ximo 1 de marzo a las 9:30 de la ma\u00f1ana, seg\u00fan lo dispuso el juez Rafael Mart\u00ednez Vargas, titular del Juzgado Penal Supraprovincial Transitorio Especializado en Crimen Organizado a trav\u00e9s de una resoluci\u00f3n, la cual tambi\u00e9n se\u00f1ala que la nueva fecha ser\u00e1 comunicada a la Defensor\u00eda P\u00fablica para que designe abogados\u00a0defensores p\u00fablicos a efectos de representar a los denunciados en la audiencia y a la\u00a0administradora de la Corte Superior Nacional de Justicia Penal Especializada a fin de solicitar un int\u00e9rprete de quechua en\u00a0diferentes variantes (Cusco, Ayacucho, Ancash, Huancavelica y otros).<\/p>\n<p>Esta vez, se espera que la audiencia se realice y no se vuelva a su suspender tal como ha ocurrido en tres oportunidades. El pasado 11 de enero, se frustr\u00f3 la diligencia por falta de int\u00e9rpretes de las distintas variantes de quechua para las v\u00edctimas quechuahablantes, que en total son 1321 denunciantes. Esta situaci\u00f3n provoc\u00f3 que decenas de voluntarias se organicen y realicen banderolazos simult\u00e1neos en Lima y Cusco. Tambi\u00e9n nuestra instituci\u00f3n Derechos Humanos Sin Fronteras, Somos 2074 y Muchas M\u00e1s, Demus, entre otras organizaciones, participaron activamente en estas acciones que fueron difundidas en las redes sociales.<\/p>\n<p>En esta esperada audiencia de sustentaci\u00f3n de cargos se decidir\u00eda si se da inicio o no a una investigaci\u00f3n judicial contra\u00a0el expresidente Alberto Fujimori Fujimori junto a sus exministros de Salud, Marino Costa Bauer, Alejandro Aguinaga y Eduardo Yong Motta, entre otros, denunciados en el 2018 por el presunto delito contra la vida, el cuerpo y la salud -lesiones graves- seguidas de muerte en un contexto de grave violaci\u00f3n de derechos humanos, en agravio de Mar\u00eda Mestanza Ch\u00e1vez y otras personas.<\/p>\n<p>Vale precisar que la pol\u00edtica fujimorista de esterilizaciones forzadas se aplic\u00f3 en el marco del Programa Nacional de Salud Reproductiva y Planificaci\u00f3n Familiar entre 1996 y 2000 a m\u00e1s de 300 mil mujeres campesinas, ind\u00edgenas, andinas y amaz\u00f3nicas que viv\u00edan en zonas rurales y urbano populares.<\/p>","protected":false},"excerpt":{"rendered":"<p>Redacci\u00f3n DHSF El Poder Judicial reprogram\u00f3 la audiencia de sustentaci\u00f3n de cargos contra los presuntos autores mediatos de la pol\u00edtica de esterilizaciones forzadas, tras la presi\u00f3n medi\u00e1tica hecha por diferentes colectivos feministas, organizaciones de derechos humanos y ciudadanas. La diligencia virtual fue fijada para el pr\u00f3ximo 1 de marzo a las 9:30 de la ma\u00f1ana, [&hellip;]<\/p>\n","protected":false},"author":1,"featured_media":3693,"comment_status":"open","ping_status":"open","sticky":false,"template":"","format":"standard","meta":{"_monsterinsights_skip_tracking":false,"_monsterinsights_sitenote_active":false,"_monsterinsights_sitenote_note":"","_monsterinsights_sitenote_category":0,"_jetpack_memberships_contains_paid_content":false,"footnotes":"","jetpack_publicize_message":"","jetpack_publicize_feature_enabled":true,"jetpack_social_post_already_shared":false,"jetpack_social_options":{"image_generator_settings":{"template":"highway","default_image_id":0,"font":"","enabled":false},"version":2}},"categories":[1],"tags":[],"class_list":["post-3692","post","type-post","status-publish","format-standard","has-post-thumbnail","hentry","category-sin-categoria"],"blocksy_meta":[],"jetpack_publicize_connections":[],"jetpack_featured_media_url":"https:\/\/derechosinfronteras.pe\/wp-content\/uploads\/2021\/01\/NOT-A-FIJAN-NUEVA-FECHA.jpg","jetpack_sharing_enabled":true,"jetpack_likes_enabled":true,"_links":{"self":[{"href":"https:\/\/derechosinfronteras.pe\/ingles\/wp-json\/wp\/v2\/posts\/3692","targetHints":{"allow":["GET"]}}],"collection":[{"href":"https:\/\/derechosinfronteras.pe\/ingles\/wp-json\/wp\/v2\/posts"}],"about":[{"href":"https:\/\/derechosinfronteras.pe\/ingles\/wp-json\/wp\/v2\/types\/post"}],"author":[{"embeddable":true,"href":"https:\/\/derechosinfronteras.pe\/ingles\/wp-json\/wp\/v2\/users\/1"}],"replies":[{"embeddable":true,"href":"https:\/\/derechosinfronteras.pe\/ingles\/wp-json\/wp\/v2\/comments?post=3692"}],"version-history":[{"count":0,"href":"https:\/\/derechosinfronteras.pe\/ingles\/wp-json\/wp\/v2\/posts\/3692\/revisions"}],"wp:featuredmedia":[{"embeddable":true,"href":"https:\/\/derechosinfronteras.pe\/ingles\/wp-json\/wp\/v2\/media\/3693"}],"wp:attachment":[{"href":"https:\/\/derechosinfronteras.pe\/ingles\/wp-json\/wp\/v2\/media?parent=3692"}],"wp:term":[{"taxonomy":"category","embeddable":true,"href":"https:\/\/derechosinfronteras.pe\/ingles\/wp-json\/wp\/v2\/categories?post=3692"},{"taxonomy":"post_tag","embeddable":true,"href":"https:\/\/derechosinfronteras.pe\/ingles\/wp-json\/wp\/v2\/tags?post=3692"}],"curies":[{"name":"wp","href":"https:\/\/api.w.org\/{rel}","templated":true}]}}