{"id":3694,"date":"2021-01-24T20:34:58","date_gmt":"2021-01-25T01:34:58","guid":{"rendered":"http:\/\/derechosinfronteras.pe\/?p=7087"},"modified":"2021-01-24T20:34:58","modified_gmt":"2021-01-25T01:34:58","slug":"pronunciamiento-ante-la-inminente-reactivacion-de-conflictos-socioambientales-en-el-corredor-minero-sur","status":"publish","type":"post","link":"https:\/\/derechosinfronteras.pe\/ingles\/pronunciamiento-ante-la-inminente-reactivacion-de-conflictos-socioambientales-en-el-corredor-minero-sur\/","title":{"rendered":"Pronunciamiento ante la inminente reactivaci\u00f3n de conflictos socioambientales en el Corredor Minero Sur"},"content":{"rendered":"<p>Derechos Humanos Sin Fronteras Cusco, organizaci\u00f3n en defensa de los derechos humanos y el medio ambiente, ante la falta de atenci\u00f3n de las exigencias de las comunidades originarias y frentes de defensa en el Corredor Minero Sur Chumbivilcas \u2013 Espinar nos dirigimos a las autoridades del gobierno nacional y ciudadan\u00eda en general para manifestar lo siguiente:<\/p>\n<p><strong>PRIMERO. \u2013<\/strong> La actividad extractiva en los \u00faltimos 20 a\u00f1os ha generado una serie de vulneraciones de derechos humanos; criminalizaci\u00f3n, contaminaci\u00f3n ambiental, afectaci\u00f3n a la salud, as\u00ed como impactos diferenciados en la vida de las mujeres, entre otros. Ello ha generado constantes pronunciamientos, denuncias y demandas ante empresas mineras que evaden su responsabilidad socioambiental en el \u00e1mbito de afectaci\u00f3n directa e indirecta sobre territorios de pueblos originarios.<\/p>\n<p><strong>SEGUNDO<\/strong>. \u2013\u00a0 Las comunidades originarias y frentes de defensa distrital confluidos en el Frente \u00danico de Defensa de los Intereses de la Provincia de Chumbivilcas desde el 15 de enero de 2021 iniciaron acciones de protesta social contra la empresa minera Hudbay. Esto por falta de predisposici\u00f3n para cerrar el proceso de acuerdos a suscribirse en el Convenio Marco Provincial que contiene expectativas de la poblaci\u00f3n sobre agenda de salud humana, monitoreo ambiental comunitario participativo, garant\u00edas ante emergencias ambientales y la contribuci\u00f3n de recursos de hasta el 7 % de las utilidades anuales de la empresa minera para ejecuci\u00f3n de proyectos sociales y productivos.<\/p>\n<p><strong>TERCERO. \u2013<\/strong> Las comunidades originarias y organizaciones sociales de la provincia de Espinar luego que el Poder Judicial les diera la raz\u00f3n sobre la falta de atenci\u00f3n a personas con metales t\u00f3xicos ha ordenado la implementaci\u00f3n de un programa de atenci\u00f3n integral de salud para Espinar. Sin embargo, el Gobierno y la minera Antapaccay hasta hoy no reanuda su agenda pendiente de socializar el estudio de causalidad del Instituto Peruano de Energ\u00eda nuclear \u2013 IPEN \u00a0donde debe dar cuenta sobre la fuente de contaminaci\u00f3n en Espinar. \u00a0Tambi\u00e9n es necesario debatir sobre la reformulaci\u00f3n del Convenio Marco, la situaci\u00f3n del proyecto Coroccohuayco al excluir comunidades y falta de transparencia en la consulta previa, y resolver demandas relacionadas a la justicia ambiental en el corredor minero, atenci\u00f3n inmediata a las personas afectadas por metales t\u00f3xicos, la conformaci\u00f3n de la comisi\u00f3n de justicia y derechos humanos, entre otros. El gobierno no debe esperar el inicio de una movilizaci\u00f3n social para reci\u00e9n iniciar alg\u00fan mecanismo de dialogo.<\/p>\n<p>Creemos que el momento del di\u00e1logo debe ser por acuerdo participativo con los actores de la movilizaci\u00f3n social, de ning\u00fan modo la imposici\u00f3n del Gobierno o de la empresa minera.<\/p>\n<p>Nos encontramos en situaci\u00f3n de reactivaci\u00f3n de conflictos socioambientales en el Corredor Minero Espinar \u2013 Chumbivilcas; por lo que, hacemos el llamado al gobierno de Francisco Sagasti a asumir con responsabilidad la instalaci\u00f3n de <strong>mesas de dialogo real y capacidad resolutiva<\/strong>, de ninguna manera el conflicto debe ser resuelto por medio de la represi\u00f3n policial.<\/p>\n<p>Asimismo, esperamos que el martes 26, fecha en que se instalar\u00e1 una mesa de di\u00e1logo en Chumbivilcas con presencia de representantes del gobierno nacional, se generen acuerdos y consensos reales con la poblaci\u00f3n que desde hace tiempo exige atenci\u00f3n a sus demandas. Al igual que en el caso de Chumbivilcas, nos mantendremos atentas y atentos a que ocurra lo mismo en Espinar.<\/p>\n<p>Finalmente, hacemos el llamado a la poblaci\u00f3n a adoptar medidas preventivas ante la COVID-19 y cumplir correctamente con el protocolo de salud.<\/p>","protected":false},"excerpt":{"rendered":"<p>Derechos Humanos Sin Fronteras Cusco, organizaci\u00f3n en defensa de los derechos humanos y el medio ambiente, ante la falta de atenci\u00f3n de las exigencias de las comunidades originarias y frentes de defensa en el Corredor Minero Sur Chumbivilcas \u2013 Espinar nos dirigimos a las autoridades del gobierno nacional y ciudadan\u00eda en general para manifestar lo [&hellip;]<\/p>\n","protected":false},"author":1,"featured_media":3695,"comment_status":"open","ping_status":"open","sticky":false,"template":"","format":"standard","meta":{"_monsterinsights_skip_tracking":false,"_monsterinsights_sitenote_active":false,"_monsterinsights_sitenote_note":"","_monsterinsights_sitenote_category":0,"_jetpack_memberships_contains_paid_content":false,"footnotes":"","jetpack_publicize_message":"","jetpack_publicize_feature_enabled":true,"jetpack_social_post_already_shared":false,"jetpack_social_options":{"image_generator_settings":{"template":"highway","default_image_id":0,"font":"","enabled":false},"version":2}},"categories":[1],"tags":[],"class_list":["post-3694","post","type-post","status-publish","format-standard","has-post-thumbnail","hentry","category-sin-categoria"],"blocksy_meta":[],"jetpack_publicize_connections":[],"jetpack_featured_media_url":"https:\/\/derechosinfronteras.pe\/wp-content\/uploads\/2021\/01\/FOTO-PRONUNCIAMIENTO.jpg","jetpack_sharing_enabled":true,"jetpack_likes_enabled":true,"_links":{"self":[{"href":"https:\/\/derechosinfronteras.pe\/ingles\/wp-json\/wp\/v2\/posts\/3694","targetHints":{"allow":["GET"]}}],"collection":[{"href":"https:\/\/derechosinfronteras.pe\/ingles\/wp-json\/wp\/v2\/posts"}],"about":[{"href":"https:\/\/derechosinfronteras.pe\/ingles\/wp-json\/wp\/v2\/types\/post"}],"author":[{"embeddable":true,"href":"https:\/\/derechosinfronteras.pe\/ingles\/wp-json\/wp\/v2\/users\/1"}],"replies":[{"embeddable":true,"href":"https:\/\/derechosinfronteras.pe\/ingles\/wp-json\/wp\/v2\/comments?post=3694"}],"version-history":[{"count":0,"href":"https:\/\/derechosinfronteras.pe\/ingles\/wp-json\/wp\/v2\/posts\/3694\/revisions"}],"wp:featuredmedia":[{"embeddable":true,"href":"https:\/\/derechosinfronteras.pe\/ingles\/wp-json\/wp\/v2\/media\/3695"}],"wp:attachment":[{"href":"https:\/\/derechosinfronteras.pe\/ingles\/wp-json\/wp\/v2\/media?parent=3694"}],"wp:term":[{"taxonomy":"category","embeddable":true,"href":"https:\/\/derechosinfronteras.pe\/ingles\/wp-json\/wp\/v2\/categories?post=3694"},{"taxonomy":"post_tag","embeddable":true,"href":"https:\/\/derechosinfronteras.pe\/ingles\/wp-json\/wp\/v2\/tags?post=3694"}],"curies":[{"name":"wp","href":"https:\/\/api.w.org\/{rel}","templated":true}]}}