{"id":3698,"date":"2021-01-20T12:05:56","date_gmt":"2021-01-20T17:05:56","guid":{"rendered":"http:\/\/derechosinfronteras.pe\/?p=7070"},"modified":"2021-01-20T12:05:56","modified_gmt":"2021-01-20T17:05:56","slug":"caso-esterilizaciones-forzadas-convocan-a-banderolazo-en-el-palacio-de-justicia-del-cusco","status":"publish","type":"post","link":"https:\/\/derechosinfronteras.pe\/ingles\/caso-esterilizaciones-forzadas-convocan-a-banderolazo-en-el-palacio-de-justicia-del-cusco\/","title":{"rendered":"Caso Esterilizaciones Forzadas: Convocan a banderolazo en el Palacio de Justicia del  Cusco"},"content":{"rendered":"<p><span style=\"font-weight: 400;\">El jueves 21 de enero a las 16:30 horas en el Palacio de Justicia Cusco, diversas organizaciones y colectivos de sociedad civil, as\u00ed como personas individuales realizar\u00e1n un banderolazo exigiendo al juez Rafael Martinez fijar nueva fecha y hora de audiencia de sustentaci\u00f3n de cargos por el caso de las esterilizaciones forzadas.<\/span><\/p>\n<p><span style=\"font-weight: 400;\">Recordemos que, el pasado 11 de enero, la <\/span><span style=\"font-weight: 400;\">esperada audiencia en donde se sustentar\u00edan los cargos contra el expresidente Alberto Fujimori, sus exministros Alejandro Aguinaga, Marino Costa Bauer, Eduardo Yong Motta y dem\u00e1s responsables del Programa Nacional de Salud Reproductiva y Planificaci\u00f3n Familiar \u2013 PNSRPF (1996-2000) fue suspendida debido a la ausencia de int\u00e9rprete de quechua cusque\u00f1o.<\/span><\/p>\n<p><span style=\"font-weight: 400;\">Cabe mencionar, que durante la audiencia solo hab\u00eda un int\u00e9rprete de quechua ayacuchano, a pesar de que hab\u00eda v\u00edctimas de lugares como Cusco. As\u00ed mismo, el expresidente Alberto Fujimori no estuvo presente debido a una descompensaci\u00f3n, seg\u00fan inform\u00f3 su abogado C\u00e9sar Nakasaki.\u00a0\u00a0<\/span><\/p>\n<p><span style=\"font-weight: 400;\">En la audiencia suspendida el 11 de enero se decidir\u00eda si se da apertura o no a la investigaci\u00f3n judicial, condici\u00f3n necesaria para dar inicio a un juicio por el caso de las esterilizaciones forzadas cuyas principales v\u00edctimas fueron aproximadamente 272 mil mujeres esterilizadas contra su voluntad en la d\u00e9cada de los noventa (1996 y 2000<\/span><span style=\"font-weight: 400;\">).<\/span><\/p>\n<p><span style=\"font-weight: 400;\">Las mujeres esterilizadas contra su voluntad tienen problemas de salud desde entonces. Dichos problemas han sido olvidados por el contexto sanitario en el que nos encontramos, ello representa cierto nivel de vulnerabilidad para las v\u00edctimas mientras esperan la reprogramaci\u00f3n de una fecha y hora para la sustentaci\u00f3n de cargos.<\/span><\/p>\n<p><img fetchpriority=\"high\" decoding=\"async\" class=\"alignnone size-large wp-image-7074\" src=\"http:\/\/derechosinfronteras.pe\/wp-content\/uploads\/2021\/01\/ester-1024x682.jpeg\" alt=\"\" width=\"1024\" height=\"682\" \/><\/p>\n<p>&nbsp;<\/p>","protected":false},"excerpt":{"rendered":"<p>El jueves 21 de enero a las 16:30 horas en el Palacio de Justicia Cusco, diversas organizaciones y colectivos de sociedad civil, as\u00ed como personas individuales realizar\u00e1n un banderolazo exigiendo al juez Rafael Martinez fijar nueva fecha y hora de audiencia de sustentaci\u00f3n de cargos por el caso de las esterilizaciones forzadas. Recordemos que, el [&hellip;]<\/p>\n","protected":false},"author":1,"featured_media":3699,"comment_status":"open","ping_status":"open","sticky":false,"template":"","format":"standard","meta":{"_monsterinsights_skip_tracking":false,"_monsterinsights_sitenote_active":false,"_monsterinsights_sitenote_note":"","_monsterinsights_sitenote_category":0,"_jetpack_memberships_contains_paid_content":false,"footnotes":"","jetpack_publicize_message":"","jetpack_publicize_feature_enabled":true,"jetpack_social_post_already_shared":false,"jetpack_social_options":{"image_generator_settings":{"template":"highway","default_image_id":0,"font":"","enabled":false},"version":2}},"categories":[1],"tags":[],"class_list":["post-3698","post","type-post","status-publish","format-standard","has-post-thumbnail","hentry","category-sin-categoria"],"blocksy_meta":[],"jetpack_publicize_connections":[],"jetpack_featured_media_url":"https:\/\/derechosinfronteras.pe\/wp-content\/uploads\/2021\/01\/BANDEROLAZO.jpg","jetpack_sharing_enabled":true,"jetpack_likes_enabled":true,"_links":{"self":[{"href":"https:\/\/derechosinfronteras.pe\/ingles\/wp-json\/wp\/v2\/posts\/3698","targetHints":{"allow":["GET"]}}],"collection":[{"href":"https:\/\/derechosinfronteras.pe\/ingles\/wp-json\/wp\/v2\/posts"}],"about":[{"href":"https:\/\/derechosinfronteras.pe\/ingles\/wp-json\/wp\/v2\/types\/post"}],"author":[{"embeddable":true,"href":"https:\/\/derechosinfronteras.pe\/ingles\/wp-json\/wp\/v2\/users\/1"}],"replies":[{"embeddable":true,"href":"https:\/\/derechosinfronteras.pe\/ingles\/wp-json\/wp\/v2\/comments?post=3698"}],"version-history":[{"count":0,"href":"https:\/\/derechosinfronteras.pe\/ingles\/wp-json\/wp\/v2\/posts\/3698\/revisions"}],"wp:featuredmedia":[{"embeddable":true,"href":"https:\/\/derechosinfronteras.pe\/ingles\/wp-json\/wp\/v2\/media\/3699"}],"wp:attachment":[{"href":"https:\/\/derechosinfronteras.pe\/ingles\/wp-json\/wp\/v2\/media?parent=3698"}],"wp:term":[{"taxonomy":"category","embeddable":true,"href":"https:\/\/derechosinfronteras.pe\/ingles\/wp-json\/wp\/v2\/categories?post=3698"},{"taxonomy":"post_tag","embeddable":true,"href":"https:\/\/derechosinfronteras.pe\/ingles\/wp-json\/wp\/v2\/tags?post=3698"}],"curies":[{"name":"wp","href":"https:\/\/api.w.org\/{rel}","templated":true}]}}