{"id":3702,"date":"2021-01-15T12:50:32","date_gmt":"2021-01-15T17:50:32","guid":{"rendered":"http:\/\/derechosinfronteras.pe\/?p=7051"},"modified":"2021-01-15T12:50:32","modified_gmt":"2021-01-15T17:50:32","slug":"victimas-de-esterilizaciones-forzadas-rechazan-uso-de-sus-derechos-para-dilatar-proceso-judicial","status":"publish","type":"post","link":"https:\/\/derechosinfronteras.pe\/ingles\/victimas-de-esterilizaciones-forzadas-rechazan-uso-de-sus-derechos-para-dilatar-proceso-judicial\/","title":{"rendered":"V\u00edctimas de esterilizaciones forzadas rechazan t\u00e1ctica de los abogados fujimoristas para dilatar proceso judicial"},"content":{"rendered":"<p>Redacci\u00f3n DHSF<\/p>\n<p>Las v\u00edctimas de esterilizaciones forzadas rechazaron la estrategia de los abogados fujimoristas, quienes habr\u00edan aprovechado la falta de int\u00e9rpretes de las diferentes variantes de quechua para suspender, una vez m\u00e1s, la audiencia virtual de sustentaci\u00f3n de cargos.<\/p>\n<p>A trav\u00e9s de una nota de prensa, el Grupo de Seguimiento a las Reparaciones por Esterilizaciones Forzadas (GREF) se\u00f1al\u00f3 que utilizaron el derecho de las v\u00edctimas a contar con int\u00e9rpretes\/traductores para continuar obstaculizando el caso judicial.<\/p>\n<p>\u201cEsta falta (de int\u00e9rpretes\/traductores) fue aprovechada por C\u00e9sar Nakasaki, representante legal de Alberto Fujimori, quien en reiteradas oportunidades interrumpi\u00f3 al fiscal para solicitar la suspensi\u00f3n de la audiencia por esa causa. Lo que de inmediato fue apoyado por los abogados de los acusados Marino Costa Bauer y Eduardo Yong Motta\u201d, se lee en el comunicado.<\/p>\n<p>Adem\u00e1s, el GREF responsabiliz\u00f3 al Poder Judicial por no garantizar el derecho a contar con traductores\/int\u00e9rpretes de distintas variantes de quechua sobre todo cuando la audiencia judicial ha sido reprogramada en dos oportunidades durante m\u00e1s de 2 a\u00f1os.<\/p>\n<p>\u201c\u00a1Basta de impunidad! Sab\u00edan que muchas \u00e9ramos quechuahablantes, el juez y fiscal ten\u00edan que haber previsto traductoras oficiales, es nuestro derecho. Es una burla que los abogados fujimoristas defiendan nuestros derechos\u201d, declar\u00f3 Rute Z\u00fa\u00f1iga, presidenta de la Asociaci\u00f3n de Mujeres Peruanas Afectadas por las Esterilizaciones Forzadas, tras suspenderse, el lunes \u00faltimo, la audiencia de sustentaci\u00f3n de cargos.<\/p>\n<p>Por su parte, la presidenta de la Asociaci\u00f3n de Mujeres Afectadas por Esterilizaciones Forzadas de Chumbivilcas, In\u00e9s Condori, expres\u00f3 con indignaci\u00f3n que la t\u00e1ctica de los abogados fujimoristas tambi\u00e9n incluir\u00eda tratar de excluir al expresidente Alberto Fujimori Fujimori del proceso penal.<\/p>\n<p>Tambi\u00e9n Mar\u00eda Elena Carbajal, presidenta de la Asociaci\u00f3n de V\u00edctimas de Esterilizaciones Forzadas de Lima y Callao, se pronunci\u00f3 al respecto: \u201cNo es la primera vez que Fujimori alega problemas de salud para evadir la justicia y tratar de quedar impune como pas\u00f3 con el indulto que la presi\u00f3n ciudadana logr\u00f3 revertir\u201d.<\/p>\n<p>Durante la audiencia virtual de sustentaci\u00f3n de cargos, el abogado de Alberto Fujimori, C\u00e9sar Nakasaki Fujimori, excus\u00f3 la ausencia de su patrocinando recurriendo a las normas del Tratado de Extradici\u00f3n Per\u00fa \u2013 Chile y al nuevo C\u00f3digo Procesal Penal, las cuales ordenan que el acusado puede asistir o no a las audiencias, siempre y cuando se mantenga la presencia del representante legal.<\/p>\n<p>\u201cFujimori no puede ser un denunciado ausente. Exigimos se agilice la solicitud de extradici\u00f3n por esta causa que afect\u00f3 a miles de mujeres que llevan luchando m\u00e1s de 25 a\u00f1os por verdad, justicia y reparaciones integrales\u201d, expres\u00f3 Mar\u00eda Esther Mogoll\u00f3n coordinadora del GREF.<\/p>\n<p>En ese sentido, el GREF exigi\u00f3 al juez Rafael Mart\u00edn Mart\u00ednez que fije fecha y hora para proseguir con la audiencia de sustentaci\u00f3n de cargos cuyos acusados son el expresidente Alberto Fujimori y los exministros Marino Costa Bauer y Alejandro Aguinaga, entre otros.<\/p>\n<p>Mar\u00eda Ysabel Cedano y Milton campos, abogados de DEMUS en los casos de Mam\u00e9rita Mestanza y Celia Ramos, v\u00edctimas mortales de la pol\u00edtica fujimorista, exigieron al Ministerio p\u00fablico y al Poder judicial cumplan con la debida diligencia reforzadas para la investigaci\u00f3n de graves violaciones a los derechos humanos. \u00abDebe ser desarrollada de oficio, de forma inmediata, en plazo razonable y ser propositiva, realizada por profesionales competentes y empleando procedimientos apropiados, independiente e imparcial, exhaustiva y garantizando el respeto y participaci\u00f3n de las v\u00edctimas y familiares. La negligencia de la justicia para garantizar los derechos de las v\u00edctimas vulnera el deber de imparcialidad ya que resulta un trato discriminatorio y revictimizante\u00bb, dice la nota de prensa.<\/p>\n<p>Vale precisar que la pol\u00edtica fujimorista de esterilizaciones forzadas se aplic\u00f3 en el marco del Programa Nacional de Salud Reproductiva y Planificaci\u00f3n Familiar entre 1996 y 2000. Estas intervenciones quir\u00fargicas fueron aplicadas a m\u00e1s de 300 mil mujeres campesinas, ind\u00edgenas, andinas y amaz\u00f3nicas que viv\u00edan en zonas rurales y urbano populares.<\/p>\n<p>Finalmente, en la nota de prensa, las diversas organizaciones, integradas en el GREF, plantearon una serie de acciones como comunicaciones a la Comisi\u00f3n Interamericana de Derechos Humanos. Las integrantes de Somos 2074 y muchas m\u00e1s se movilizar\u00e1n para exigir una investigaci\u00f3n judicial r\u00e1pida y bien hecha. Ellas protestan desde la voz ciudadana incansablemente desde el 2015.<\/p>\n<figure id=\"attachment_7052\" aria-describedby=\"caption-attachment-7052\" style=\"width: 723px\" class=\"wp-caption alignnone\"><img fetchpriority=\"high\" decoding=\"async\" class=\"size-large wp-image-7052\" src=\"http:\/\/derechosinfronteras.pe\/wp-content\/uploads\/2021\/01\/WhatsApp-Image-2021-01-15-at-12.22.24-PM-723x1024.jpeg\" alt=\"\" width=\"723\" height=\"1024\" \/><figcaption id=\"caption-attachment-7052\" class=\"wp-caption-text\">Nota de prensa<\/figcaption><\/figure>","protected":false},"excerpt":{"rendered":"<p>Redacci\u00f3n DHSF Las v\u00edctimas de esterilizaciones forzadas rechazaron la estrategia de los abogados fujimoristas, quienes habr\u00edan aprovechado la falta de int\u00e9rpretes de las diferentes variantes de quechua para suspender, una vez m\u00e1s, la audiencia virtual de sustentaci\u00f3n de cargos. A trav\u00e9s de una nota de prensa, el Grupo de Seguimiento a las Reparaciones por Esterilizaciones [&hellip;]<\/p>\n","protected":false},"author":1,"featured_media":3703,"comment_status":"open","ping_status":"open","sticky":false,"template":"","format":"standard","meta":{"_monsterinsights_skip_tracking":false,"_monsterinsights_sitenote_active":false,"_monsterinsights_sitenote_note":"","_monsterinsights_sitenote_category":0,"_jetpack_memberships_contains_paid_content":false,"footnotes":"","jetpack_publicize_message":"","jetpack_publicize_feature_enabled":true,"jetpack_social_post_already_shared":false,"jetpack_social_options":{"image_generator_settings":{"template":"highway","default_image_id":0,"font":"","enabled":false},"version":2}},"categories":[1],"tags":[],"class_list":["post-3702","post","type-post","status-publish","format-standard","has-post-thumbnail","hentry","category-sin-categoria"],"blocksy_meta":[],"jetpack_publicize_connections":[],"jetpack_featured_media_url":"https:\/\/derechosinfronteras.pe\/wp-content\/uploads\/2021\/01\/nota-comunicado-gref.jpg","jetpack_sharing_enabled":true,"jetpack_likes_enabled":true,"_links":{"self":[{"href":"https:\/\/derechosinfronteras.pe\/ingles\/wp-json\/wp\/v2\/posts\/3702","targetHints":{"allow":["GET"]}}],"collection":[{"href":"https:\/\/derechosinfronteras.pe\/ingles\/wp-json\/wp\/v2\/posts"}],"about":[{"href":"https:\/\/derechosinfronteras.pe\/ingles\/wp-json\/wp\/v2\/types\/post"}],"author":[{"embeddable":true,"href":"https:\/\/derechosinfronteras.pe\/ingles\/wp-json\/wp\/v2\/users\/1"}],"replies":[{"embeddable":true,"href":"https:\/\/derechosinfronteras.pe\/ingles\/wp-json\/wp\/v2\/comments?post=3702"}],"version-history":[{"count":0,"href":"https:\/\/derechosinfronteras.pe\/ingles\/wp-json\/wp\/v2\/posts\/3702\/revisions"}],"wp:featuredmedia":[{"embeddable":true,"href":"https:\/\/derechosinfronteras.pe\/ingles\/wp-json\/wp\/v2\/media\/3703"}],"wp:attachment":[{"href":"https:\/\/derechosinfronteras.pe\/ingles\/wp-json\/wp\/v2\/media?parent=3702"}],"wp:term":[{"taxonomy":"category","embeddable":true,"href":"https:\/\/derechosinfronteras.pe\/ingles\/wp-json\/wp\/v2\/categories?post=3702"},{"taxonomy":"post_tag","embeddable":true,"href":"https:\/\/derechosinfronteras.pe\/ingles\/wp-json\/wp\/v2\/tags?post=3702"}],"curies":[{"name":"wp","href":"https:\/\/api.w.org\/{rel}","templated":true}]}}