{"id":3708,"date":"2020-12-15T19:42:49","date_gmt":"2020-12-16T00:42:49","guid":{"rendered":"http:\/\/derechosinfronteras.pe\/?p=7028"},"modified":"2020-12-15T19:42:49","modified_gmt":"2020-12-16T00:42:49","slug":"la-msah-renueva-su-compromiso-con-nueva-junta-directiva","status":"publish","type":"post","link":"https:\/\/derechosinfronteras.pe\/ingles\/la-msah-renueva-su-compromiso-con-nueva-junta-directiva\/","title":{"rendered":"La MSAH renueva su compromiso con nueva junta directiva"},"content":{"rendered":"<p>Redacci\u00f3n DHSF<\/p>\n<p>La Mesa T\u00e9cnica de Salud Ambiental y Humana surge de la necesidad de exigir atenci\u00f3n urgente a las personas y al medio ambiente afectados por las actividades extractivas, mineras e hidrocarbur\u00edferas. Desde su fundaci\u00f3n, hace 3 a\u00f1os, es conformada por diferentes organizaciones\u00a0 de la sociedad civil<a href=\"#_ftn1\" name=\"_ftnref1\">[1]<\/a> especializadas en la defensa de estos temas.<\/p>\n<p>La mesa t\u00e9cnica acompa\u00f1a a la Plataforma Nacional de Afectados y Afectadas por metales, metaloides y otras sustancias qu\u00edmicas t\u00f3xicas, la cual consolida a m\u00e1s de 15 regiones quienes viven en constante exposici\u00f3n a t\u00f3xicos presentes en sus territorios debido a las actividades antropog\u00e9nicas que se dan.<\/p>\n<p>La coordinaci\u00f3n nacional estuvo a cargo de Abel Gilvonio, en representaci\u00f3n de la organizaci\u00f3n CooperAcci\u00f3n, quien a su vez inform\u00f3 el balance en 3 a\u00f1os de proceso social y constituci\u00f3n de la Mesa T\u00e9cnica de Salud Ambiental y Humana, entre los principales logros se resalt\u00f3:<\/p>\n<ul>\n<li>Encuentro Nacional de Afectados\/as por metales t\u00f3xicos (2017 y 2019)<\/li>\n<li>Elaboraci\u00f3n conjunta de una propuesta de Pol\u00edtica p\u00fablica nacional que involucre una respuesta de prevenci\u00f3n, atenci\u00f3n y remediaci\u00f3n para la atenci\u00f3n de personas afectadas por t\u00f3xicos.<\/li>\n<li>Impulsar la creaci\u00f3n de una Comisi\u00f3n Multisectorial desde la PCM para el Abordaje Integral e Integrado a favor de la Poblaci\u00f3n Expuesta a Metales Pesados, dependiente de la Presidencia del Consejo de Ministros.<\/li>\n<li>Generaci\u00f3n de la mesa de trabajo con el MINSA y la Comisi\u00f3n de Pueblos Andinos, Amaz\u00f3nicos, Afroperuanos, Ambiente y Ecolog\u00eda.<\/li>\n<\/ul>\n<p>Los desaf\u00edos y la continuidad del trabajo en favor de los m\u00e1s de 10 millones de personas expuestas a t\u00f3xicos (31.15 % de la poblaci\u00f3n nacional)<a href=\"#_ftn2\" name=\"_ftnref2\">[2]<\/a> recaer\u00e1 durante 02 a\u00f1os de coordinaci\u00f3n en Karem Luque (Derechos Humanos Sin Fronteras &#8211; Cusco), Andrea Bernal (Centro Amaz\u00f3nico de Antropolog\u00eda y Aplicaci\u00f3n Pr\u00e1ctica \u2013CAAAP) y Beatriz Cort\u00e9z \u2013 Red MUQUI.<\/p>\n<p>Los objetivos del siguiente periodo consisten en garantizar la promoci\u00f3n de un plan nacional de atenci\u00f3n para persona afectadas por metales metaloides y otras sustancias toxicas en la comisi\u00f3n multisectorial de la PCM, as\u00ed como buscar que se fomente la investigaci\u00f3n cient\u00edfica desde las universidades y centros especializados, para promover respuestas y atenci\u00f3n al problema de las afectaciones en las zonas con actividades extractivas a las personas y al medio ambiente.<\/p>\n<p>&nbsp;<\/p>\n<p><a href=\"#_ftnref1\" name=\"_ftn1\">[1]<\/a> Conformada por: Asociaci\u00f3n Interamericana para la Defensa del Ambiente \u2013 AIDA, Asociaci\u00f3n Pro Derechos Humanos \u2013 APRODEH, Asociaci\u00f3n Civil Centro de Cultura popular Labor Pasco, Asociaci\u00f3n Marianista de Acci\u00f3n Social \u2013 AMAS, Centro Amaz\u00f3nico de Antropolog\u00eda y Aplicaci\u00f3n Pr\u00e1ctica -CAAAP, Comisi\u00f3n Episcopal de Acci\u00f3n Social -CEAS, CooperAcci\u00f3n, Coordinadora Nacional de Derechos Humanos \u2013 CNDDHH, Derechos Humanos Sin Fronteras Cusco \u2013DHSF, Derechos Humanos y Medio Ambiente Puno \u2013 DHUMA, Earthrights International \u2013 ERI, EQUIDAD, GRUFIDES, Instituto de Defensa Legal del Ambiente y el Desarrollo Sostenible- IDLADS, Oxfam en Per\u00fa, Proyecto Amigo La Libertad, Pueblos Ind\u00edgenas Amaz\u00f3nicos Unidos en Defensa de sus Territorios-PUINAMUDT, Red Muqui, Red Uniendo Manos Per\u00fa.<\/p>\n<p><a href=\"#_ftnref2\" name=\"_ftn2\">[2]<\/a> Informe especial solicitado al MINSA por la Mesa T\u00e9cnica de Salud Ambiental y Humana y la Plataforma Nacional de Afectados\/as por metales t\u00f3xicos.<\/p>\n","protected":false},"excerpt":{"rendered":"<p>Redacci\u00f3n DHSF La Mesa T\u00e9cnica de Salud Ambiental y Humana surge de la necesidad de exigir atenci\u00f3n urgente a las personas y al medio ambiente afectados por las actividades extractivas, mineras e hidrocarbur\u00edferas. Desde su fundaci\u00f3n, hace 3 a\u00f1os, es conformada por diferentes organizaciones\u00a0 de la sociedad civil[1] especializadas en la defensa de estos temas. [&hellip;]<\/p>\n","protected":false},"author":1,"featured_media":3709,"comment_status":"open","ping_status":"open","sticky":false,"template":"","format":"standard","meta":{"_monsterinsights_skip_tracking":false,"_monsterinsights_sitenote_active":false,"_monsterinsights_sitenote_note":"","_monsterinsights_sitenote_category":0,"_jetpack_memberships_contains_paid_content":false,"footnotes":"","jetpack_publicize_message":"","jetpack_publicize_feature_enabled":true,"jetpack_social_post_already_shared":false,"jetpack_social_options":{"image_generator_settings":{"template":"highway","default_image_id":0,"font":"","enabled":false},"version":2}},"categories":[1],"tags":[],"class_list":["post-3708","post","type-post","status-publish","format-standard","has-post-thumbnail","hentry","category-sin-categoria"],"blocksy_meta":[],"jetpack_publicize_connections":[],"jetpack_featured_media_url":"https:\/\/derechosinfronteras.pe\/wp-content\/uploads\/2020\/12\/MSAH-FOTO.jpg","jetpack_sharing_enabled":true,"jetpack_likes_enabled":true,"_links":{"self":[{"href":"https:\/\/derechosinfronteras.pe\/ingles\/wp-json\/wp\/v2\/posts\/3708","targetHints":{"allow":["GET"]}}],"collection":[{"href":"https:\/\/derechosinfronteras.pe\/ingles\/wp-json\/wp\/v2\/posts"}],"about":[{"href":"https:\/\/derechosinfronteras.pe\/ingles\/wp-json\/wp\/v2\/types\/post"}],"author":[{"embeddable":true,"href":"https:\/\/derechosinfronteras.pe\/ingles\/wp-json\/wp\/v2\/users\/1"}],"replies":[{"embeddable":true,"href":"https:\/\/derechosinfronteras.pe\/ingles\/wp-json\/wp\/v2\/comments?post=3708"}],"version-history":[{"count":0,"href":"https:\/\/derechosinfronteras.pe\/ingles\/wp-json\/wp\/v2\/posts\/3708\/revisions"}],"wp:featuredmedia":[{"embeddable":true,"href":"https:\/\/derechosinfronteras.pe\/ingles\/wp-json\/wp\/v2\/media\/3709"}],"wp:attachment":[{"href":"https:\/\/derechosinfronteras.pe\/ingles\/wp-json\/wp\/v2\/media?parent=3708"}],"wp:term":[{"taxonomy":"category","embeddable":true,"href":"https:\/\/derechosinfronteras.pe\/ingles\/wp-json\/wp\/v2\/categories?post=3708"},{"taxonomy":"post_tag","embeddable":true,"href":"https:\/\/derechosinfronteras.pe\/ingles\/wp-json\/wp\/v2\/tags?post=3708"}],"curies":[{"name":"wp","href":"https:\/\/api.w.org\/{rel}","templated":true}]}}