{"id":3712,"date":"2020-12-10T18:46:04","date_gmt":"2020-12-10T23:46:04","guid":{"rendered":"http:\/\/derechosinfronteras.pe\/?p=7011"},"modified":"2020-12-10T18:46:04","modified_gmt":"2020-12-10T23:46:04","slug":"feminicidio-en-la-montana-siete-colores-organizan-actividades-pro-fondos-para-pagar-a-abogado","status":"publish","type":"post","link":"https:\/\/derechosinfronteras.pe\/ingles\/feminicidio-en-la-montana-siete-colores-organizan-actividades-pro-fondos-para-pagar-a-abogado\/","title":{"rendered":"Feminicidio en la Monta\u00f1a Siete Colores: Organizan actividades pro fondos para pagar a abogado"},"content":{"rendered":"<p>Redacci\u00f3n DHSF<\/p>\n<p>Los familiares de Yadira, la joven cuyo cuerpo fue encontrado con signos de haber sido violada y luego asesinada en la Monta\u00f1a de Siete Colores, aun no terminan de procesar la irreparable p\u00e9rdida y ahora tienen que enfrentar un nuevo obst\u00e1culo: pagar los honorarios del abogado.<\/p>\n<p>La investigaci\u00f3n de este presunto feminicidio a cargo de la Segunda Fiscal\u00eda Provincial Penal de Quispicanchi durar\u00eda aproximadamente 9 meses, tiempo en que los deudos van necesitar de defensa legal.<\/p>\n<p>Desde que se hall\u00f3 sin vida a la estudiante de turismo de 19 a\u00f1os, el pasado 8 de noviembre, la familia ha tenido que solventar los gastos que constituyen las diligencias preliminares. Sin embargo, ahora no cuenta con los recursos econ\u00f3micos.<\/p>\n<p>Por tal raz\u00f3n, la familia de Yadira est\u00e1 organizando para este domingo 13 una actividad pro fondos donde se vender\u00e1 diferentes platos de comida.<\/p>\n<p>El colectivo Ni Una Menos Cusco, a trav\u00e9s de las redes sociales, difundi\u00f3 esta actividad ben\u00e9fica que se realizar\u00e1 desde las 9 de la ma\u00f1ana en el asentamiento humano La Estrella, segunda etapa M-2. Adem\u00e1s, se hizo p\u00fablico un n\u00famero de cuenta bancaria para los aportes solidarios.<\/p>\n<figure id=\"attachment_7013\" aria-describedby=\"caption-attachment-7013\" style=\"width: 651px\" class=\"wp-caption alignnone\"><img fetchpriority=\"high\" decoding=\"async\" class=\"size-full wp-image-7013\" src=\"http:\/\/derechosinfronteras.pe\/wp-content\/uploads\/2020\/12\/colaborar-Yadira.jpg\" alt=\"\" width=\"651\" height=\"228\" \/><figcaption id=\"caption-attachment-7013\" class=\"wp-caption-text\">Foto: parte del flyer elaborado por Ni Una Menos Cusco<\/figcaption><\/figure>\n<p><strong>DILIGENCIAS<\/strong><\/p>\n<p>Dos de los investigados por feminicidio, agravado por violaci\u00f3n sexual, se encuentran con la medida de prisi\u00f3n preventiva desde el pasado 11 de noviembre por un plazo de nueve meses. Se trata de los Youtubers del canal \u201cCostumbres Cusque\u00f1as\u201d, Erwin Ra\u00fal Montesinos Kana (productor), y Jos\u00e9 Luis Fern\u00e1ndez Berrio (presentador); y el taxista Darcy Ticona Flores (27) se encuentra con comparecencia con restricciones.<\/p>\n<p>Por ahora, la Segunda Fiscal\u00eda Provincial Penal de Quispicanchi orden\u00f3 una serie de diligencias conforme lo se\u00f1ala la Providencia Fiscal N\u00b0 01-2020. Entre ellas figura la realizaci\u00f3n de la pericia psicol\u00f3gica y psiqui\u00e1trica a los tres imputados y la visualizaci\u00f3n de las c\u00e1maras y celulares de los mismos. Esta \u00faltima diligencia se desarrollar\u00e1 el pr\u00f3ximo 17 del corriente a las 9:00 de la ma\u00f1ana en la Divisi\u00f3n de Investigaci\u00f3n Criminal de Cusco.<\/p>\n<p>Tambi\u00e9n se dispuso la realizaci\u00f3n de reconstrucci\u00f3n de hechos cuando los investigados estuvieron junto a Yadira, as\u00ed como la posterior b\u00fasqueda de su cuerpo en la zona, en el recorrido se toma en cuenta el sector de la Explanada, ubicada en la Monta\u00f1a Siete Colores, distrito de Cusipata, hacia el punto a donde el taxista Darcy Ticona habr\u00eda sido llevado por Erwin Montesinos y Jos\u00e9 Luis Fern\u00e1ndez, el pasado 7 de noviembre.<\/p>\n<p>Ambas diligencias fueron programadas para el 9 de diciembre a las 8:00 de la ma\u00f1ana.<\/p>\n<p>&nbsp;<\/p>\n<p>&nbsp;<\/p>\n<p>&nbsp;<\/p>\n<p>&nbsp;<\/p>\n<p>&nbsp;<\/p>\n<p>&nbsp;<\/p>","protected":false},"excerpt":{"rendered":"<p>Redacci\u00f3n DHSF Los familiares de Yadira, la joven cuyo cuerpo fue encontrado con signos de haber sido violada y luego asesinada en la Monta\u00f1a de Siete Colores, aun no terminan de procesar la irreparable p\u00e9rdida y ahora tienen que enfrentar un nuevo obst\u00e1culo: pagar los honorarios del abogado. La investigaci\u00f3n de este presunto feminicidio a [&hellip;]<\/p>\n","protected":false},"author":1,"featured_media":3713,"comment_status":"open","ping_status":"open","sticky":false,"template":"","format":"standard","meta":{"_monsterinsights_skip_tracking":false,"_monsterinsights_sitenote_active":false,"_monsterinsights_sitenote_note":"","_monsterinsights_sitenote_category":0,"_jetpack_memberships_contains_paid_content":false,"footnotes":"","jetpack_publicize_message":"","jetpack_publicize_feature_enabled":true,"jetpack_social_post_already_shared":false,"jetpack_social_options":{"image_generator_settings":{"template":"highway","default_image_id":0,"font":"","enabled":false},"version":2}},"categories":[1],"tags":[],"class_list":["post-3712","post","type-post","status-publish","format-standard","has-post-thumbnail","hentry","category-sin-categoria"],"blocksy_meta":[],"jetpack_publicize_connections":[],"jetpack_featured_media_url":"https:\/\/derechosinfronteras.pe\/wp-content\/uploads\/2020\/12\/NOTA-YADIRA.jpg","jetpack_sharing_enabled":true,"jetpack_likes_enabled":true,"_links":{"self":[{"href":"https:\/\/derechosinfronteras.pe\/ingles\/wp-json\/wp\/v2\/posts\/3712","targetHints":{"allow":["GET"]}}],"collection":[{"href":"https:\/\/derechosinfronteras.pe\/ingles\/wp-json\/wp\/v2\/posts"}],"about":[{"href":"https:\/\/derechosinfronteras.pe\/ingles\/wp-json\/wp\/v2\/types\/post"}],"author":[{"embeddable":true,"href":"https:\/\/derechosinfronteras.pe\/ingles\/wp-json\/wp\/v2\/users\/1"}],"replies":[{"embeddable":true,"href":"https:\/\/derechosinfronteras.pe\/ingles\/wp-json\/wp\/v2\/comments?post=3712"}],"version-history":[{"count":0,"href":"https:\/\/derechosinfronteras.pe\/ingles\/wp-json\/wp\/v2\/posts\/3712\/revisions"}],"wp:featuredmedia":[{"embeddable":true,"href":"https:\/\/derechosinfronteras.pe\/ingles\/wp-json\/wp\/v2\/media\/3713"}],"wp:attachment":[{"href":"https:\/\/derechosinfronteras.pe\/ingles\/wp-json\/wp\/v2\/media?parent=3712"}],"wp:term":[{"taxonomy":"category","embeddable":true,"href":"https:\/\/derechosinfronteras.pe\/ingles\/wp-json\/wp\/v2\/categories?post=3712"},{"taxonomy":"post_tag","embeddable":true,"href":"https:\/\/derechosinfronteras.pe\/ingles\/wp-json\/wp\/v2\/tags?post=3712"}],"curies":[{"name":"wp","href":"https:\/\/api.w.org\/{rel}","templated":true}]}}