{"id":3715,"date":"2020-11-30T15:54:36","date_gmt":"2020-11-30T20:54:36","guid":{"rendered":"http:\/\/derechosinfronteras.pe\/?p=7004"},"modified":"2020-11-30T15:54:36","modified_gmt":"2020-11-30T20:54:36","slug":"conflicto-de-espinar-de-2012-juzgado-de-ica-absuelve-a-defensores-criminalizados-por-protestas-contra-empresa-antapaccay","status":"publish","type":"post","link":"https:\/\/derechosinfronteras.pe\/ingles\/conflicto-de-espinar-de-2012-juzgado-de-ica-absuelve-a-defensores-criminalizados-por-protestas-contra-empresa-antapaccay\/","title":{"rendered":"Conflicto de Espinar de 2012: Juzgado de Ica absuelve a defensores criminalizados"},"content":{"rendered":"<p>Redacci\u00f3n DHSF<\/p>\n<p>El Cuarto Juzgado Unipersonal del Juzgado de Ica absolvi\u00f3 a tres defensores criminalizados por los hechos acontecidos durante las protestas en el mes de mayo del a\u00f1o 2012 en la provincia de Espinar.<\/p>\n<p>Se trata de los l\u00edderes sociales Herberth Huam\u00e1n Llave, Sergio Huaman\u00ed Hilario y \u00d3scar Avelino Mollohuanca Cruz, ex presidente del Frente \u00danico de Defensa de los Intereses de Espinar (FUDIE), ex vicepresidente del FUDIE y el ex alcalde de Espinar, respectivamente.<\/p>\n<p>Durante la audiencia virtual de lectura de sentencia, el juez Jean Franco Pinto Fern\u00e1ndez, titular del Cuarto Juzgado Unipersonal del Juzgado de Ica, se\u00f1al\u00f3 lo siguiente:<\/p>\n<p>\u201cAbsolviendo a los ciudadanos Oscar Avelino Mollohuanca Cruz, Herberth Huaman Llave Y Sergio Huamani Hilario, de los cargos formulados en su contra\u201d<\/p>\n<p>Fueron 8 largos a\u00f1os de investigaci\u00f3n y juicio para que hoy se han declarados inocentes de culpa y pena por el magistrado, quien tambi\u00e9n argument\u00f3 que no hay prueba suficiente para condenarlos.<\/p>\n<p>Asimismo, Franco Pinto Fern\u00e1ndez reiter\u00f3 que -seg\u00fan el t\u00edtulo preliminar del C\u00f3digo Penal- est\u00e1 proscrita la responsabilidad objetiva, y no es posible atribuirle la responsabilidad por el solo hecho de haber convocado protestas, ya que \u201cla protesta es un derecho de rango constitucional que deriva del derecho de la libertad de expresi\u00f3n\u201d.<\/p>\n<p>Cabe resaltar que, en el mes de mayo del a\u00f1o 2012, la poblaci\u00f3n de Espinar ejerci\u00f3 su derecho a protestar ante ello la \u00fanica respuesta del Estado fue optar por la represi\u00f3n policial a la poblaci\u00f3n manifestante, dejando como resultado 3 muertos y heridos que, hasta hoy, no encuentran justicia y verdad.<\/p>\n<p>La sentencia \u00edntegra se leer\u00e1 el 10 de diciembre a las 16 horas, en el marco del D\u00eda de los Derechos Humanos.<\/p>","protected":false},"excerpt":{"rendered":"<p>Redacci\u00f3n DHSF El Cuarto Juzgado Unipersonal del Juzgado de Ica absolvi\u00f3 a tres defensores criminalizados por los hechos acontecidos durante las protestas en el mes de mayo del a\u00f1o 2012 en la provincia de Espinar. Se trata de los l\u00edderes sociales Herberth Huam\u00e1n Llave, Sergio Huaman\u00ed Hilario y \u00d3scar Avelino Mollohuanca Cruz, ex presidente del [&hellip;]<\/p>\n","protected":false},"author":1,"featured_media":3716,"comment_status":"open","ping_status":"open","sticky":false,"template":"","format":"standard","meta":{"_monsterinsights_skip_tracking":false,"_monsterinsights_sitenote_active":false,"_monsterinsights_sitenote_note":"","_monsterinsights_sitenote_category":0,"_jetpack_memberships_contains_paid_content":false,"footnotes":"","jetpack_publicize_message":"","jetpack_publicize_feature_enabled":true,"jetpack_social_post_already_shared":false,"jetpack_social_options":{"image_generator_settings":{"template":"highway","default_image_id":0,"font":"","enabled":false},"version":2}},"categories":[1],"tags":[],"class_list":["post-3715","post","type-post","status-publish","format-standard","has-post-thumbnail","hentry","category-sin-categoria"],"blocksy_meta":[],"jetpack_publicize_connections":[],"jetpack_featured_media_url":"https:\/\/derechosinfronteras.pe\/wp-content\/uploads\/2020\/11\/NOTA-ABSOLUCION.jpg","jetpack_sharing_enabled":true,"jetpack_likes_enabled":true,"_links":{"self":[{"href":"https:\/\/derechosinfronteras.pe\/ingles\/wp-json\/wp\/v2\/posts\/3715","targetHints":{"allow":["GET"]}}],"collection":[{"href":"https:\/\/derechosinfronteras.pe\/ingles\/wp-json\/wp\/v2\/posts"}],"about":[{"href":"https:\/\/derechosinfronteras.pe\/ingles\/wp-json\/wp\/v2\/types\/post"}],"author":[{"embeddable":true,"href":"https:\/\/derechosinfronteras.pe\/ingles\/wp-json\/wp\/v2\/users\/1"}],"replies":[{"embeddable":true,"href":"https:\/\/derechosinfronteras.pe\/ingles\/wp-json\/wp\/v2\/comments?post=3715"}],"version-history":[{"count":0,"href":"https:\/\/derechosinfronteras.pe\/ingles\/wp-json\/wp\/v2\/posts\/3715\/revisions"}],"wp:featuredmedia":[{"embeddable":true,"href":"https:\/\/derechosinfronteras.pe\/ingles\/wp-json\/wp\/v2\/media\/3716"}],"wp:attachment":[{"href":"https:\/\/derechosinfronteras.pe\/ingles\/wp-json\/wp\/v2\/media?parent=3715"}],"wp:term":[{"taxonomy":"category","embeddable":true,"href":"https:\/\/derechosinfronteras.pe\/ingles\/wp-json\/wp\/v2\/categories?post=3715"},{"taxonomy":"post_tag","embeddable":true,"href":"https:\/\/derechosinfronteras.pe\/ingles\/wp-json\/wp\/v2\/tags?post=3715"}],"curies":[{"name":"wp","href":"https:\/\/api.w.org\/{rel}","templated":true}]}}