{"id":3717,"date":"2020-11-26T11:33:03","date_gmt":"2020-11-26T16:33:03","guid":{"rendered":"http:\/\/derechosinfronteras.pe\/?p=6994"},"modified":"2020-11-26T11:33:03","modified_gmt":"2020-11-26T16:33:03","slug":"cuales-son-las-cifras-de-violencia-contra-la-mujer-en-la-region-cusco","status":"publish","type":"post","link":"https:\/\/derechosinfronteras.pe\/ingles\/cuales-son-las-cifras-de-violencia-contra-la-mujer-en-la-region-cusco\/","title":{"rendered":"\u00bfCu\u00e1les son las cifras de violencia contra la mujer en la regi\u00f3n Cusco?"},"content":{"rendered":"<p style=\"text-align: right;\"><strong>Por: Yulissa Casana\u2013 L\u00ednea Mujer DHSF<\/strong><\/p>\n<p>Cada 25 de noviembre se conmemora el D\u00eda Internacional de la Eliminaci\u00f3n de la Violencia contra la Mujer, fecha que nos hace reflexionar y asumir compromisos para erradicar, sancionar y prevenir la violencia de g\u00e9nero en el Per\u00fa, pero \u00bfQu\u00e9 nos dicen las cifras sobre la violencia contra la mujer en la regi\u00f3n Cusco?<\/p>\n<p>De acuerdo al reporte del Centro de Emergencia Mujer actualizado hasta octubre, se han atendido 5.281 casos de violencia familiar y sexual en ni\u00f1as, adolescentes y mujeres adultas. A nivel nacional esta cifra llega a 79.220 casos.<\/p>\n<p>Nuestra regi\u00f3n tampoco ha sido ajena a la violencia f\u00edsica contra las mujeres. A la fecha se han reportado 2.008 casos; mientras que, 443 casos por violencia sexual.<\/p>\n<p>Con respecto a la violencia sicol\u00f3gica y econ\u00f3mica patrimonial, las cifras ascienden a 2.808 y 22, respectivamente.<\/p>\n<p>En lo que va del a\u00f1o, se han registrado 111 feminicidios y 234 tentativas de feminicidios en el Per\u00fa. De este total, 3 feminicidios y 7 tentativas en nuestra regi\u00f3n.<\/p>\n<p>La desaparici\u00f3n de ni\u00f1as, adolescentes y mujeres adultas tambi\u00e9n es preocupante. Antes de la pandemia, esta situaci\u00f3n ya era alarmante.<\/p>\n<p>A nivel nacional se han reportado 1.158 mujeres adultas y 2.894 menores de edad, entre ni\u00f1as y adolescentes, desaparecidas, seg\u00fan el registro de la Defensor\u00eda del Pueblo a septiembre de este a\u00f1o.<\/p>\n<p>Estas estad\u00edsticas nos dicen, una vez m\u00e1s, que la violencia de g\u00e9nero ocurre tanto en las calles como en los hogares. Miles de mujeres peruanas han tenido que convivir con su agresor como parte de las medidas de confinamiento para evitar contagios del coronavirus. El propio hogar no es un lugar seguro.<\/p>\n<p>El Ministerio de la Mujer y Poblaciones Vulnerables puso a disposici\u00f3n la L\u00ednea 100 para ayudar a las mujeres v\u00edctimas de violencia. Sin embargo, muchas que viven en el campo no pueden llamar, pues la pandemia tambi\u00e9n ha evidenciado problemas de cobertura m\u00f3vil. Adem\u00e1s, las barreras sociales, econ\u00f3micas y culturales que enfrentan las mujeres rurales es anterior a la crisis sanitaria.<\/p>\n<p>As\u00ed como en el Per\u00fa ocurre lo mismo en distintas partes del mundo, aunque con sus propias particularidades. Las Naciones Unidas ha refirmado que \u201cla violencia contra la mujer constituye una violaci\u00f3n de los derechos humanos y las libertades fundamentales e impide total o parcialmente a la mujer gozar de dichos derechos y libertades\u201d.<\/p>\n<p>Si bien ayer las mujeres salimos a marchar a las calles de Cusco, es necesario que el Estado y la sociedad civil tomen medidas contundentes. El 25 de noviembre no debe quedar relegada en una fecha m\u00e1s del calendario.<\/p>","protected":false},"excerpt":{"rendered":"<p>Por: Yulissa Casana\u2013 L\u00ednea Mujer DHSF Cada 25 de noviembre se conmemora el D\u00eda Internacional de la Eliminaci\u00f3n de la Violencia contra la Mujer, fecha que nos hace reflexionar y asumir compromisos para erradicar, sancionar y prevenir la violencia de g\u00e9nero en el Per\u00fa, pero \u00bfQu\u00e9 nos dicen las cifras sobre la violencia contra la [&hellip;]<\/p>\n","protected":false},"author":1,"featured_media":3718,"comment_status":"open","ping_status":"open","sticky":false,"template":"","format":"standard","meta":{"_monsterinsights_skip_tracking":false,"_monsterinsights_sitenote_active":false,"_monsterinsights_sitenote_note":"","_monsterinsights_sitenote_category":0,"_jetpack_memberships_contains_paid_content":false,"footnotes":"","jetpack_publicize_message":"","jetpack_publicize_feature_enabled":true,"jetpack_social_post_already_shared":false,"jetpack_social_options":{"image_generator_settings":{"template":"highway","default_image_id":0,"font":"","enabled":false},"version":2}},"categories":[1],"tags":[],"class_list":["post-3717","post","type-post","status-publish","format-standard","has-post-thumbnail","hentry","category-sin-categoria"],"blocksy_meta":[],"jetpack_publicize_connections":[],"jetpack_featured_media_url":"https:\/\/derechosinfronteras.pe\/wp-content\/uploads\/2020\/11\/FOTO-ESTADISTICAS-25N.jpg","jetpack_sharing_enabled":true,"jetpack_likes_enabled":true,"_links":{"self":[{"href":"https:\/\/derechosinfronteras.pe\/ingles\/wp-json\/wp\/v2\/posts\/3717","targetHints":{"allow":["GET"]}}],"collection":[{"href":"https:\/\/derechosinfronteras.pe\/ingles\/wp-json\/wp\/v2\/posts"}],"about":[{"href":"https:\/\/derechosinfronteras.pe\/ingles\/wp-json\/wp\/v2\/types\/post"}],"author":[{"embeddable":true,"href":"https:\/\/derechosinfronteras.pe\/ingles\/wp-json\/wp\/v2\/users\/1"}],"replies":[{"embeddable":true,"href":"https:\/\/derechosinfronteras.pe\/ingles\/wp-json\/wp\/v2\/comments?post=3717"}],"version-history":[{"count":0,"href":"https:\/\/derechosinfronteras.pe\/ingles\/wp-json\/wp\/v2\/posts\/3717\/revisions"}],"wp:featuredmedia":[{"embeddable":true,"href":"https:\/\/derechosinfronteras.pe\/ingles\/wp-json\/wp\/v2\/media\/3718"}],"wp:attachment":[{"href":"https:\/\/derechosinfronteras.pe\/ingles\/wp-json\/wp\/v2\/media?parent=3717"}],"wp:term":[{"taxonomy":"category","embeddable":true,"href":"https:\/\/derechosinfronteras.pe\/ingles\/wp-json\/wp\/v2\/categories?post=3717"},{"taxonomy":"post_tag","embeddable":true,"href":"https:\/\/derechosinfronteras.pe\/ingles\/wp-json\/wp\/v2\/tags?post=3717"}],"curies":[{"name":"wp","href":"https:\/\/api.w.org\/{rel}","templated":true}]}}