{"id":3721,"date":"2020-11-24T19:22:10","date_gmt":"2020-11-25T00:22:10","guid":{"rendered":"http:\/\/derechosinfronteras.pe\/?p=6982"},"modified":"2020-11-24T19:22:10","modified_gmt":"2020-11-25T00:22:10","slug":"25n-las-mujeres-tomamos-las-calles-contra-toda-forma-de-violencia","status":"publish","type":"post","link":"https:\/\/derechosinfronteras.pe\/ingles\/25n-las-mujeres-tomamos-las-calles-contra-toda-forma-de-violencia\/","title":{"rendered":"25N: Las mujeres tomamos las calles contra toda forma de violencia"},"content":{"rendered":"<p style=\"text-align: right;\"><strong>Por: Yulissa Casana\u2013 L\u00ednea Mujer DHSF<\/strong><\/p>\n<p>La calle es un lugar hostil y violento para las mujeres. As\u00ed lo demuestra, una vez m\u00e1s, una investigaci\u00f3n realizada por la ONG Plan Internacional sobre el acoso sexual callejero: siete de cada diez mujeres sufre de acoso sexual callejero y en Lima la cifra se eleva a nueve de cada diez.<\/p>\n<p>El miedo, la ansiedad y la amenaza que sentimos como mujeres es el resultado de la violencia machista que vivimos. Este problema estructural \u00a0tiene una estrecha relaci\u00f3n con la desigualdad entre hombres y mujeres. La violencia contra mujeres y ni\u00f1as es una de las violaciones de los derechos humanos m\u00e1s com\u00fan y sistem\u00e1tica en el Per\u00fa.<\/p>\n<p>La pandemia ha acentuado a\u00fan m\u00e1s las condiciones de vulnerabilidad que desde una mirada interseccional existen otros ejes de desigualdad (raza, edad, orientaci\u00f3n sexual, \u00e9tnica, creencias, etc.). No todas las mujeres viven la violencia de la misma forma.<\/p>\n<p>Ser mujer en la zona rural es enfrentar, adicionalmente, a barreras econ\u00f3micas, sociales y culturales para el goce de los derechos individuales, colectivos y DESCA (derechos humanos econ\u00f3micos, sociales, culturales y ambientales).<\/p>\n<p>Por ellas, por nosotras y por todas las mujeres y ni\u00f1as que fueron silenciadas, saldremos a movilizarnos para exigir al Estado que garantice una vida libre de violencia y sin discriminaci\u00f3n, <span data-offset-key=\"75or9-2-0\">igualdad de g\u00e9nero, respeto por los derechos humanos<\/span><span data-offset-key=\"75or9-4-0\">, educaci\u00f3n integral de salud y participaci\u00f3n pol\u00edtica partidaria.<\/span><\/p>\n<p>Los espacios p\u00fablicos que antes acog\u00edan a los acosadores y que eran escenarios de zozobra, se convertir\u00e1n ahora en lugares seguros, porque hoy 25 de noviembre, D\u00eda Internacional de la Eliminaci\u00f3n contra la Violencia de la Mujer, nosotras decidimos tomar las calles.<\/p>","protected":false},"excerpt":{"rendered":"<p>Por: Yulissa Casana\u2013 L\u00ednea Mujer DHSF La calle es un lugar hostil y violento para las mujeres. As\u00ed lo demuestra, una vez m\u00e1s, una investigaci\u00f3n realizada por la ONG Plan Internacional sobre el acoso sexual callejero: siete de cada diez mujeres sufre de acoso sexual callejero y en Lima la cifra se eleva a nueve [&hellip;]<\/p>\n","protected":false},"author":1,"featured_media":3722,"comment_status":"open","ping_status":"open","sticky":false,"template":"","format":"standard","meta":{"_monsterinsights_skip_tracking":false,"_monsterinsights_sitenote_active":false,"_monsterinsights_sitenote_note":"","_monsterinsights_sitenote_category":0,"_jetpack_memberships_contains_paid_content":false,"footnotes":"","jetpack_publicize_message":"","jetpack_publicize_feature_enabled":true,"jetpack_social_post_already_shared":false,"jetpack_social_options":{"image_generator_settings":{"template":"highway","default_image_id":0,"font":"","enabled":false},"version":2}},"categories":[1],"tags":[],"class_list":["post-3721","post","type-post","status-publish","format-standard","has-post-thumbnail","hentry","category-sin-categoria"],"blocksy_meta":[],"jetpack_publicize_connections":[],"jetpack_featured_media_url":"https:\/\/derechosinfronteras.pe\/wp-content\/uploads\/2020\/11\/FOTO-NOTA-25-N.jpg","jetpack_sharing_enabled":true,"jetpack_likes_enabled":true,"_links":{"self":[{"href":"https:\/\/derechosinfronteras.pe\/ingles\/wp-json\/wp\/v2\/posts\/3721","targetHints":{"allow":["GET"]}}],"collection":[{"href":"https:\/\/derechosinfronteras.pe\/ingles\/wp-json\/wp\/v2\/posts"}],"about":[{"href":"https:\/\/derechosinfronteras.pe\/ingles\/wp-json\/wp\/v2\/types\/post"}],"author":[{"embeddable":true,"href":"https:\/\/derechosinfronteras.pe\/ingles\/wp-json\/wp\/v2\/users\/1"}],"replies":[{"embeddable":true,"href":"https:\/\/derechosinfronteras.pe\/ingles\/wp-json\/wp\/v2\/comments?post=3721"}],"version-history":[{"count":0,"href":"https:\/\/derechosinfronteras.pe\/ingles\/wp-json\/wp\/v2\/posts\/3721\/revisions"}],"wp:featuredmedia":[{"embeddable":true,"href":"https:\/\/derechosinfronteras.pe\/ingles\/wp-json\/wp\/v2\/media\/3722"}],"wp:attachment":[{"href":"https:\/\/derechosinfronteras.pe\/ingles\/wp-json\/wp\/v2\/media?parent=3721"}],"wp:term":[{"taxonomy":"category","embeddable":true,"href":"https:\/\/derechosinfronteras.pe\/ingles\/wp-json\/wp\/v2\/categories?post=3721"},{"taxonomy":"post_tag","embeddable":true,"href":"https:\/\/derechosinfronteras.pe\/ingles\/wp-json\/wp\/v2\/tags?post=3721"}],"curies":[{"name":"wp","href":"https:\/\/api.w.org\/{rel}","templated":true}]}}