{"id":3723,"date":"2020-11-23T12:21:09","date_gmt":"2020-11-23T17:21:09","guid":{"rendered":"http:\/\/derechosinfronteras.pe\/?p=6972"},"modified":"2020-11-23T12:21:09","modified_gmt":"2020-11-23T17:21:09","slug":"esterilizaciones-forzadas-mujeres-por-verdad-justicia-y-reparacion","status":"publish","type":"post","link":"https:\/\/derechosinfronteras.pe\/ingles\/esterilizaciones-forzadas-mujeres-por-verdad-justicia-y-reparacion\/","title":{"rendered":"Esterilizaciones forzadas: Mujeres por verdad, justicia y reparaci\u00f3n"},"content":{"rendered":"<p>Redacci\u00f3n DHSF<\/p>\n<p>La pandemia de la COVID-19 ha afectado uno de los pilares sobre el que debe apoyarse un Estado de derecho: acceso a la justicia. Pero, a\u00fan en medio de la crisis y la desidia de las autoridades, las mujeres sobrevivientes de las esterilizaciones forzadas de la provincia de Chumbivilcas, regi\u00f3n Cusco, no se rinden en su lucha para alcanzar verdad, justicia y reparaci\u00f3n.<\/p>\n<figure id=\"attachment_6973\" aria-describedby=\"caption-attachment-6973\" style=\"width: 1024px\" class=\"wp-caption alignnone\"><img fetchpriority=\"high\" decoding=\"async\" class=\"size-large wp-image-6973\" src=\"http:\/\/derechosinfronteras.pe\/wp-content\/uploads\/2020\/11\/WhatsApp-Image-2020-11-23-at-10.31.49-AM-3-1024x682.jpeg\" alt=\"\" width=\"1024\" height=\"682\" \/><figcaption id=\"caption-attachment-6973\" class=\"wp-caption-text\">Foto: Miguel Guti\u00e9rrez\/DHSF<\/figcaption><\/figure>\n<p>Ellas viajaron desde los distritos de Llusco, Colquemarca, Capacmarca y centro poblado Pulpera Condes hacia Santo Tom\u00e1s para tener un encuentro semipresencial e informarse sobre el estado actual de sus casos a nivel judicial y fiscal.<\/p>\n<figure id=\"attachment_6974\" aria-describedby=\"caption-attachment-6974\" style=\"width: 1024px\" class=\"wp-caption alignnone\"><img decoding=\"async\" class=\"size-large wp-image-6974\" src=\"http:\/\/derechosinfronteras.pe\/wp-content\/uploads\/2020\/11\/WhatsApp-Image-2020-11-23-at-10.31.48-AM-6-1024x682.jpeg\" alt=\"\" width=\"1024\" height=\"682\" \/><figcaption id=\"caption-attachment-6974\" class=\"wp-caption-text\">Foto: Miguel Guti\u00e9rrez\/DHSF<\/figcaption><\/figure>\n<p>Este proceso de acompa\u00f1amiento y defensa legal es asumido por la organizaci\u00f3n feminista Estudio para la Defensa de los Derechos de la Mujer (Demus), Derechos Humanos Sin Fronteras y el Grupo de Seguimiento a las Reparaciones por Esterilizaciones Forzadas (GREF).<\/p>\n<p>En el espacio de informaci\u00f3n estuvo presente de manera virtual Milton Campos Castillo, abogado de Demus, quien explic\u00f3 los escenarios a nivel judicial y fiscal sobre las investigaciones por cr\u00edmenes de lesa humanidad perpetrados por Alberto Fujimori y sus exministros de Salud contra miles de mujeres campesinas, ind\u00edgenas y quechuahablantes.<\/p>\n<figure id=\"attachment_6975\" aria-describedby=\"caption-attachment-6975\" style=\"width: 1024px\" class=\"wp-caption alignnone\"><img decoding=\"async\" class=\"size-large wp-image-6975\" src=\"http:\/\/derechosinfronteras.pe\/wp-content\/uploads\/2020\/11\/WhatsApp-Image-2020-11-23-at-10.31.48-AM-1-1024x682.jpeg\" alt=\"\" width=\"1024\" height=\"682\" \/><figcaption id=\"caption-attachment-6975\" class=\"wp-caption-text\">Foto: Miguel Guti\u00e9rrez\/DHSF<\/figcaption><\/figure>\n<p>Adem\u00e1s, brind\u00f3 detalles sobre la audiencia de sustentaci\u00f3n de cargos contra los presuntos autores mediatos de la pol\u00edtica de esterilizaciones forzadas efectuada entre 1996 y 2000. Se realizar\u00e1 el pr\u00f3ximo 11 de enero de 2021 a trav\u00e9s de la plataforma virtual Google Meet.<\/p>\n<p>Por su parte, Ana Mar\u00eda Vidal, representante del GREF, inform\u00f3 sobre las acciones judiciales previstas para exigir la implementaci\u00f3n de una Pol\u00edtica de Reparaci\u00f3n Integral a favor de las v\u00edctimas.<\/p>\n<figure id=\"attachment_6977\" aria-describedby=\"caption-attachment-6977\" style=\"width: 1024px\" class=\"wp-caption alignnone\"><img loading=\"lazy\" decoding=\"async\" class=\"size-large wp-image-6977\" src=\"http:\/\/derechosinfronteras.pe\/wp-content\/uploads\/2020\/11\/WhatsApp-Image-2020-11-23-at-10.31.48-AM-8-1024x682.jpeg\" alt=\"\" width=\"1024\" height=\"682\" \/><figcaption id=\"caption-attachment-6977\" class=\"wp-caption-text\">Miguel Guti\u00e9rrez\/DHSF<\/figcaption><\/figure>\n<p>Tras recibir la informaci\u00f3n, las mujeres recorrieron las principales calles de Santo Tom\u00e1s exigiendo celeridad a los jueces y fiscales que tienen a cargo los casos de esterilizaciones forzadas. Luego, por unos minutos, se congregaron al frente del Poder Judicial sede Chumbivilcas como un acto de protesta al no encontrar hasta la fecha justicia, verdad y reparaci\u00f3n.<\/p>\n<p>DETALLES<br \/>\nEn el espacio de informaci\u00f3n, la presidenta de la Asociaci\u00f3n de Mujeres V\u00edctimas de Esterilizaciones Forzadas de la Provincia de Chumbivilcas, In\u00e9s Condori, lament\u00f3 que el gobierno no haya considerado un bono especial para las mujeres v\u00edctimas de esterilizaciones forzadas en el marco de la pandemia.<\/p>\n<p>El resto de asistentes se comprometieron a mantenerse unidas en esta lucha que ya lleva m\u00e1s de dos d\u00e9cadas.<\/p>","protected":false},"excerpt":{"rendered":"<p>Redacci\u00f3n DHSF La pandemia de la COVID-19 ha afectado uno de los pilares sobre el que debe apoyarse un Estado de derecho: acceso a la justicia. Pero, a\u00fan en medio de la crisis y la desidia de las autoridades, las mujeres sobrevivientes de las esterilizaciones forzadas de la provincia de Chumbivilcas, regi\u00f3n Cusco, no se [&hellip;]<\/p>\n","protected":false},"author":1,"featured_media":3724,"comment_status":"open","ping_status":"open","sticky":false,"template":"","format":"standard","meta":{"_monsterinsights_skip_tracking":false,"_monsterinsights_sitenote_active":false,"_monsterinsights_sitenote_note":"","_monsterinsights_sitenote_category":0,"_jetpack_memberships_contains_paid_content":false,"footnotes":"","jetpack_publicize_message":"","jetpack_publicize_feature_enabled":true,"jetpack_social_post_already_shared":false,"jetpack_social_options":{"image_generator_settings":{"template":"highway","default_image_id":0,"font":"","enabled":false},"version":2}},"categories":[1],"tags":[],"class_list":["post-3723","post","type-post","status-publish","format-standard","has-post-thumbnail","hentry","category-sin-categoria"],"blocksy_meta":[],"jetpack_publicize_connections":[],"jetpack_featured_media_url":"https:\/\/derechosinfronteras.pe\/wp-content\/uploads\/2020\/11\/NOTA-FOTO-EEFF.jpg","jetpack_sharing_enabled":true,"jetpack_likes_enabled":true,"_links":{"self":[{"href":"https:\/\/derechosinfronteras.pe\/ingles\/wp-json\/wp\/v2\/posts\/3723","targetHints":{"allow":["GET"]}}],"collection":[{"href":"https:\/\/derechosinfronteras.pe\/ingles\/wp-json\/wp\/v2\/posts"}],"about":[{"href":"https:\/\/derechosinfronteras.pe\/ingles\/wp-json\/wp\/v2\/types\/post"}],"author":[{"embeddable":true,"href":"https:\/\/derechosinfronteras.pe\/ingles\/wp-json\/wp\/v2\/users\/1"}],"replies":[{"embeddable":true,"href":"https:\/\/derechosinfronteras.pe\/ingles\/wp-json\/wp\/v2\/comments?post=3723"}],"version-history":[{"count":0,"href":"https:\/\/derechosinfronteras.pe\/ingles\/wp-json\/wp\/v2\/posts\/3723\/revisions"}],"wp:featuredmedia":[{"embeddable":true,"href":"https:\/\/derechosinfronteras.pe\/ingles\/wp-json\/wp\/v2\/media\/3724"}],"wp:attachment":[{"href":"https:\/\/derechosinfronteras.pe\/ingles\/wp-json\/wp\/v2\/media?parent=3723"}],"wp:term":[{"taxonomy":"category","embeddable":true,"href":"https:\/\/derechosinfronteras.pe\/ingles\/wp-json\/wp\/v2\/categories?post=3723"},{"taxonomy":"post_tag","embeddable":true,"href":"https:\/\/derechosinfronteras.pe\/ingles\/wp-json\/wp\/v2\/tags?post=3723"}],"curies":[{"name":"wp","href":"https:\/\/api.w.org\/{rel}","templated":true}]}}