{"id":3725,"date":"2020-11-23T09:54:53","date_gmt":"2020-11-23T14:54:53","guid":{"rendered":"http:\/\/derechosinfronteras.pe\/?p=6969"},"modified":"2020-11-23T09:54:53","modified_gmt":"2020-11-23T14:54:53","slug":"chamaca-alcalde-entrega-cargo-al-primer-regidor-por-presion-de-la-asamblea-popular","status":"publish","type":"post","link":"https:\/\/derechosinfronteras.pe\/ingles\/chamaca-alcalde-entrega-cargo-al-primer-regidor-por-presion-de-la-asamblea-popular\/","title":{"rendered":"Chamaca: Alcalde entrega cargo al primer regidor por presi\u00f3n de la asamblea popular"},"content":{"rendered":"<p>Redacci\u00f3n DHSF<\/p>\n<p>En la asamblea popular desarrollada el pasado viernes 20 de noviembre del presente a\u00f1o, el alcalde del distrito de Chamaca, el Sr. Antonio Huaman Arias da encargatura al primer regidor sr. Percy Puma Mendoza para que pueda asumir la alcald\u00eda tras la crisis pol\u00edtica que atraviesa el distrito y sobre todo tras el rechazo de la poblaci\u00f3n que exige la vacancia y\/o revocatoria del alcalde.<\/p>\n<p>La situaci\u00f3n pol\u00edtica se ha agudizado desde el pasado domingo 15 de noviembre, en el que se desarroll\u00f3 la asamblea popular del distrito de Chamaca en donde el alcalde abandono la reuni\u00f3n sin comunicaci\u00f3n alguna, precisamente cuando se realizaba la aprobaci\u00f3n de la revocatoria del alcalde y conformaci\u00f3n de la comisi\u00f3n respectiva y antes de concluir la agenda del d\u00eda. Este hecho indigno a toda la poblaci\u00f3n qui\u00e9nes lo calificaron de falta de respeto y una burla por parte de la autoridad quien lo hac\u00eda en reiteradas oportunidades con las comunidades y organizaciones sociales de Chamaca.<br \/>\nLa asamblea determin\u00f3 inmediatamente iniciar una huelga indefinida contra la autoridad exigiendo vacancia por abandono y \/o revocatoria, realizando su plant\u00f3n y vigilia en la puerta de la municipalidad durante toda la semana y al mismo tiempo desarrollando asambleas populares en la plaza de armas.<br \/>\nDurante la semana se ha presentado la solicitud de la compra de kit de revocatoria y tambi\u00e9n el mismo alcalde difundi\u00f3 un audio que compromete a funcionarios de la municipalidad y el presidente de frente de defensa en esc\u00e1ndalos de negociaci\u00f3n a fin de evitar la organizaci\u00f3n de asamblea popular. Tras la difusi\u00f3n de los audios el presidente de frente de defensa pidiendo disculpas al pueblo y sobre todo la investigaci\u00f3n de estos dio paso al costado exigiendo que el alcalde tambi\u00e9n haga lo propio.<\/p>\n<p>En la \u00faltima asamblea popular del viernes 20, el alcalde recibi\u00f3 el rechazo generalizado del pueblo. La presi\u00f3n de la masa oblig\u00f3 a que el alcalde deje el cargo dejando la encargatura de la alcald\u00eda al primer regidor, qui\u00e9n asumir\u00e1 el cargo a partir de hoy, lunes 23, en que se abrir\u00e1 las puertas de la municipalidad.<\/p>","protected":false},"excerpt":{"rendered":"<p>Redacci\u00f3n DHSF En la asamblea popular desarrollada el pasado viernes 20 de noviembre del presente a\u00f1o, el alcalde del distrito de Chamaca, el Sr. Antonio Huaman Arias da encargatura al primer regidor sr. Percy Puma Mendoza para que pueda asumir la alcald\u00eda tras la crisis pol\u00edtica que atraviesa el distrito y sobre todo tras el [&hellip;]<\/p>\n","protected":false},"author":1,"featured_media":3726,"comment_status":"open","ping_status":"open","sticky":false,"template":"","format":"standard","meta":{"_monsterinsights_skip_tracking":false,"_monsterinsights_sitenote_active":false,"_monsterinsights_sitenote_note":"","_monsterinsights_sitenote_category":0,"_jetpack_memberships_contains_paid_content":false,"footnotes":"","jetpack_publicize_message":"","jetpack_publicize_feature_enabled":true,"jetpack_social_post_already_shared":false,"jetpack_social_options":{"image_generator_settings":{"template":"highway","default_image_id":0,"font":"","enabled":false},"version":2}},"categories":[1],"tags":[],"class_list":["post-3725","post","type-post","status-publish","format-standard","has-post-thumbnail","hentry","category-sin-categoria"],"blocksy_meta":[],"jetpack_publicize_connections":[],"jetpack_featured_media_url":"https:\/\/derechosinfronteras.pe\/wp-content\/uploads\/2020\/11\/40.-Muni-de-Chamara-reapertura.jpg","jetpack_sharing_enabled":true,"jetpack_likes_enabled":true,"_links":{"self":[{"href":"https:\/\/derechosinfronteras.pe\/ingles\/wp-json\/wp\/v2\/posts\/3725","targetHints":{"allow":["GET"]}}],"collection":[{"href":"https:\/\/derechosinfronteras.pe\/ingles\/wp-json\/wp\/v2\/posts"}],"about":[{"href":"https:\/\/derechosinfronteras.pe\/ingles\/wp-json\/wp\/v2\/types\/post"}],"author":[{"embeddable":true,"href":"https:\/\/derechosinfronteras.pe\/ingles\/wp-json\/wp\/v2\/users\/1"}],"replies":[{"embeddable":true,"href":"https:\/\/derechosinfronteras.pe\/ingles\/wp-json\/wp\/v2\/comments?post=3725"}],"version-history":[{"count":0,"href":"https:\/\/derechosinfronteras.pe\/ingles\/wp-json\/wp\/v2\/posts\/3725\/revisions"}],"wp:featuredmedia":[{"embeddable":true,"href":"https:\/\/derechosinfronteras.pe\/ingles\/wp-json\/wp\/v2\/media\/3726"}],"wp:attachment":[{"href":"https:\/\/derechosinfronteras.pe\/ingles\/wp-json\/wp\/v2\/media?parent=3725"}],"wp:term":[{"taxonomy":"category","embeddable":true,"href":"https:\/\/derechosinfronteras.pe\/ingles\/wp-json\/wp\/v2\/categories?post=3725"},{"taxonomy":"post_tag","embeddable":true,"href":"https:\/\/derechosinfronteras.pe\/ingles\/wp-json\/wp\/v2\/tags?post=3725"}],"curies":[{"name":"wp","href":"https:\/\/api.w.org\/{rel}","templated":true}]}}