{"id":3729,"date":"2020-11-19T13:05:13","date_gmt":"2020-11-19T18:05:13","guid":{"rendered":"http:\/\/derechosinfronteras.pe\/?p=6955"},"modified":"2020-11-19T13:05:13","modified_gmt":"2020-11-19T18:05:13","slug":"avame-se-reune-con-municipalidad-de-espinar-y-presenta-plan-de-trabajo","status":"publish","type":"post","link":"https:\/\/derechosinfronteras.pe\/ingles\/avame-se-reune-con-municipalidad-de-espinar-y-presenta-plan-de-trabajo\/","title":{"rendered":"Asociaci\u00f3n de Vigilantes y Monitores Ambientales presenta plan de trabajo a municipalidad de Espinar"},"content":{"rendered":"<p>Redacci\u00f3n DHSF<\/p>\n<p>La nueva presidenta de Asociaci\u00f3n de Vigilantes y Monitores Ambientales de Espinar, Ivoneth Chilo Quispe, se reuni\u00f3 con la Gerencia de Gesti\u00f3n Ambiental de la Municipalidad Provincial de Espinar (AVMAE), en d\u00f3nde present\u00f3 una propuesta de plan de trabajo denominado: \u201cVIGILANCIA Y MONITOREO AMBIENTAL COMUNITARIO EN LAS CUENCAS CA\u00d1IPIA Y SALADO DEL DISTRITO Y PROVINCIA DE ESPINAR \u2013 CUSCO\u201d para que pueda ser evaluado y considerado en un proyecto mayor de fiscalizaci\u00f3n ambiental que se implementara dicha gerencia en el pr\u00f3ximo a\u00f1o, 2021.<\/p>\n<p>As\u00ed mismo, se estableci\u00f3 una alianza estrat\u00e9gica entre la Municipalidad Provincial y la AVMAE, buscando articular\u00a0esfuerzos de diversos actores para coordinar trabajos conjuntos que privilegien la participaci\u00f3n ciudadana en labores de fiscalizaci\u00f3n y protecci\u00f3n ambiental. Esto es parte de un plan de trabajo de la organizaci\u00f3n de Vigilantes y Monitores que\u00a0tiene previsto gestionar m\u00e1s reuniones con otras organizaciones pertinentes al tema como la Autoridad Nacional del Agua \u201cANA\u201d buscando sumar esfuerzos conjuntos en materia ambiental en la provincia de Espinar.<\/p>\n<p>La AVMAE es una asociaci\u00f3n de voluntarios y voluntarias ambientalistas cuya finalidad es promover y contribuir en la protecci\u00f3n de la calidad ambiental, en especial la calidad y cantidad del agua a trav\u00e9s de la vigilancia y monitoreo comunitario en las cuencas de la provincia de Espinar; quienes desde el a\u00f1o 2017 vienen desarrollando monitoreos f\u00edsico qu\u00edmicos y biol\u00f3gicos en las cuencas Ca\u00f1ipia y salado en alianza con Derechos Humanos Sin Fronteras.<\/p>","protected":false},"excerpt":{"rendered":"<p>Redacci\u00f3n DHSF La nueva presidenta de Asociaci\u00f3n de Vigilantes y Monitores Ambientales de Espinar, Ivoneth Chilo Quispe, se reuni\u00f3 con la Gerencia de Gesti\u00f3n Ambiental de la Municipalidad Provincial de Espinar (AVMAE), en d\u00f3nde present\u00f3 una propuesta de plan de trabajo denominado: \u201cVIGILANCIA Y MONITOREO AMBIENTAL COMUNITARIO EN LAS CUENCAS CA\u00d1IPIA Y SALADO DEL DISTRITO [&hellip;]<\/p>\n","protected":false},"author":1,"featured_media":3730,"comment_status":"open","ping_status":"open","sticky":false,"template":"","format":"standard","meta":{"_monsterinsights_skip_tracking":false,"_monsterinsights_sitenote_active":false,"_monsterinsights_sitenote_note":"","_monsterinsights_sitenote_category":0,"_jetpack_memberships_contains_paid_content":false,"footnotes":"","jetpack_publicize_message":"","jetpack_publicize_feature_enabled":true,"jetpack_social_post_already_shared":false,"jetpack_social_options":{"image_generator_settings":{"template":"highway","default_image_id":0,"font":"","enabled":false},"version":2}},"categories":[1],"tags":[],"class_list":["post-3729","post","type-post","status-publish","format-standard","has-post-thumbnail","hentry","category-sin-categoria"],"blocksy_meta":[],"jetpack_publicize_connections":[],"jetpack_featured_media_url":"https:\/\/derechosinfronteras.pe\/wp-content\/uploads\/2020\/11\/39.-AVMA-PRESENTA-PLAN-DE-TRABAJO-1.jpg","jetpack_sharing_enabled":true,"jetpack_likes_enabled":true,"_links":{"self":[{"href":"https:\/\/derechosinfronteras.pe\/ingles\/wp-json\/wp\/v2\/posts\/3729","targetHints":{"allow":["GET"]}}],"collection":[{"href":"https:\/\/derechosinfronteras.pe\/ingles\/wp-json\/wp\/v2\/posts"}],"about":[{"href":"https:\/\/derechosinfronteras.pe\/ingles\/wp-json\/wp\/v2\/types\/post"}],"author":[{"embeddable":true,"href":"https:\/\/derechosinfronteras.pe\/ingles\/wp-json\/wp\/v2\/users\/1"}],"replies":[{"embeddable":true,"href":"https:\/\/derechosinfronteras.pe\/ingles\/wp-json\/wp\/v2\/comments?post=3729"}],"version-history":[{"count":0,"href":"https:\/\/derechosinfronteras.pe\/ingles\/wp-json\/wp\/v2\/posts\/3729\/revisions"}],"wp:featuredmedia":[{"embeddable":true,"href":"https:\/\/derechosinfronteras.pe\/ingles\/wp-json\/wp\/v2\/media\/3730"}],"wp:attachment":[{"href":"https:\/\/derechosinfronteras.pe\/ingles\/wp-json\/wp\/v2\/media?parent=3729"}],"wp:term":[{"taxonomy":"category","embeddable":true,"href":"https:\/\/derechosinfronteras.pe\/ingles\/wp-json\/wp\/v2\/categories?post=3729"},{"taxonomy":"post_tag","embeddable":true,"href":"https:\/\/derechosinfronteras.pe\/ingles\/wp-json\/wp\/v2\/tags?post=3729"}],"curies":[{"name":"wp","href":"https:\/\/api.w.org\/{rel}","templated":true}]}}