{"id":3731,"date":"2020-11-11T13:27:26","date_gmt":"2020-11-11T18:27:26","guid":{"rendered":"http:\/\/derechosinfronteras.pe\/?p=6940"},"modified":"2020-11-11T13:27:26","modified_gmt":"2020-11-11T18:27:26","slug":"dictan-prision-preventiva-contra-acusados-de-violar-y-asesinar-a-estudiante-de-turismo","status":"publish","type":"post","link":"https:\/\/derechosinfronteras.pe\/ingles\/dictan-prision-preventiva-contra-acusados-de-violar-y-asesinar-a-estudiante-de-turismo\/","title":{"rendered":"Dictan prisi\u00f3n preventiva contra acusados de violar y asesinar a estudiante de turismo"},"content":{"rendered":"<p>Redacci\u00f3n DHSF<\/p>\n<p>Mientras el pa\u00eds se sume en la crisis pol\u00edtica y econ\u00f3mica por el golpe de Estado en medio de la pandemia, los casos de violaci\u00f3n sexual siguen en aumento. Esta vez, el Juzgado de Investigaci\u00f3n Preparatoria de Quispicanchi orden\u00f3 9 meses de prisi\u00f3n preventiva contra dos sujetos por el presunto delito de feminicidio agravado por violaci\u00f3n sexual.<\/p>\n<p>La medida fue dictada contra los Youtubers del canal \u201cCostumbres Cusque\u00f1as\u201d, Erwin Ra\u00fal Montesinos Kana (productor), y Jos\u00e9 Luis Fern\u00e1ndez Berrio (presentador); y comparecencia con restricciones al taxista Darcy Ticona Flores (27), tras realizarse ayer una audiencia virtual que dur\u00f3 m\u00e1s de 8 horas.<\/p>\n<p>El hecho materia de investigaci\u00f3n ocurri\u00f3 el s\u00e1bado 7 noviembre, cuando la agraviada, identificada con las iniciales Y.A.T. (19), se encontraba a las 2:30 de la madrugada en la avenida La Cultura, cerca al paradero forestal del distrito de San Jer\u00f3nimo, regi\u00f3n Cusco. Seg\u00fan declaraciones de Montesinos y Fern\u00e1ndez al Ministerio P\u00fablico, la agraviada acepta la invitaci\u00f3n de acompa\u00f1arlos a la Monta\u00f1a Siete Colores, distrito Cusipata, y se sube al veh\u00edculo con ellos. Sin embargo, para Soledad Huam\u00e1n, activista del colectivo Ni Una Menos Cusco, es imposible que la joven haya subido con su consentimiento, pues no conoc\u00eda a los sujetos. \u00abNinguno de los sujetos era amigo o conocido de ella. Existe la sospecha que haya sido un secuestro\u00bb, declar\u00f3.<\/p>\n<p>Montesinos y Fern\u00e1ndez desempe\u00f1an actividades culturales en la ciudad de Cusco; por lo que, ten\u00edan programado realizar un reportaje de la ruta hacia la Monta\u00f1a Siete Colores. En esas circunstancias, contratan a Ticona para que brinde el servicio de transporte a bordo del veh\u00edculo, placa de rodaje F2F-540, donde tambi\u00e9n viaj\u00f3 Y.A.T.<\/p>\n<p>El trayecto que hizo la unidad desde San Jer\u00f3nimo hasta la Monta\u00f1a Siete Colores genera indignaci\u00f3n a la activista\u00a0Soledad Huam\u00e1n, quien expres\u00f3 que la Polic\u00eda en pleno toque de queda permiti\u00f3 la circulaci\u00f3n de dicha unidad. \u00abEl carro\u00a0pas\u00f3 por varios puestos controles, por ejemplo, San Sebastian, Saylla, Oropeza, Quiquijana. No puede ser posible que haya pasado el veh\u00edculo por todos esos puestos y nadie lo haya detenido.\u00a0Ya est\u00e1n aperturados los centros tur\u00edsticos y en la Monta\u00f1a de Siete Colores debi\u00f3 haber seguridad, al menos uno o dos polic\u00edas. Ni\u00f1as o j\u00f3venes podr\u00edan ir a morir a un centro tur\u00edstico y no hay seguridad\u00bb, sentenci\u00f3.<\/p>\n<p>De acuerdo al expediente de la Segunda Fiscal\u00eda Provincial Penal de Quispicanqui, en un lugar desolado del sector de Pu\u00f1acancha Llapta, Montesinos y Fern\u00e1ndez aprovechando de su condici\u00f3n f\u00edsica y que eran dos personas, ultrajan a Y.A.T., estudiante de turismo. Luego la victimaron propin\u00e1ndole golpes en diversas partes del cuerpo para despu\u00e9s dejarla abandonada. El taxista Ticona ten\u00eda conocimiento de los hechos.<\/p>\n<p>Los imputados luego retornaron al sector de la explanada arguyendo la coartada de que hab\u00edan perdido de vista a la estudiante mientras realizaban trabajos de filmaci\u00f3n y fotograf\u00eda sin llegar a ubicarla, seg\u00fan la tesis fiscal. Seguidamente, acudieron a la comisar\u00eda y presentaron una denuncia por desaparici\u00f3n .\u00a0Al d\u00eda siguiente, los familiares de\u00a0Y.A.T. iniciaron la b\u00fasqueda, pues desde el s\u00e1bado en la ma\u00f1ana no sab\u00edan del paradero de la joven, quien el viernes en la noche fue a la vivienda de su enamorado con el permiso de sus padres. A\u00fan es materia de investigaci\u00f3n la raz\u00f3n por la cual la agraviada sale en la madrugada de la casa de su enamorado.<\/p>\n<p>Seg\u00fan Huam\u00e1n, los polic\u00edas no brindaron apoyo a sus familiares en la b\u00fasqueda bajo el argumento que ten\u00eda que pasar 24 horas desde que se conoce la desaparici\u00f3n. Finalmente, la propia madre de\u00a0\u00a0Y.A.T. hall\u00f3 el cuerpo de su hija en el sector denominado Patahuasa de la comunidad de Chillihuani. Posteriormente, la familia llam\u00f3 a los agentes de la Comisar\u00eda\u00a0de Quiquijana para informar sobre el hallazgo. \u00abComo colectivo exigimos justicia\u00bb, manifest\u00f3 Soledad Huam\u00e1n.<\/p>\n<p>Tanto Montesinos como Fern\u00e1ndez y Ticona son imputados como presuntos coautores de la comisi\u00f3n del delito contra la vida, el cuerpo y la salud en la modalidad de feminicidio agravado por violaci\u00f3n sexual. El Ministerio P\u00fablico solicitar\u00eda 30 a\u00f1os de pena privativa de libertad.<\/p>\n<p>Este es el segundo caso de violaci\u00f3n grupal que se conoce en nuestra regi\u00f3n.\u00a0El mes pasado, a trav\u00e9s de los medios de comunicaci\u00f3n, se difundi\u00f3 el caso de una ciudadana, de 54 a\u00f1os, en Poroy, quien tuvo que pasar por tres cirug\u00edas debido a las heridas y lesiones causadas por la violaci\u00f3n grupal. No se descarta que hayan m\u00e1s casos de violencia sexual cuyas v\u00edctimas tienen miedo a denunciar.<\/p>\n<p>&nbsp;<\/p>","protected":false},"excerpt":{"rendered":"<p>Redacci\u00f3n DHSF Mientras el pa\u00eds se sume en la crisis pol\u00edtica y econ\u00f3mica por el golpe de Estado en medio de la pandemia, los casos de violaci\u00f3n sexual siguen en aumento. Esta vez, el Juzgado de Investigaci\u00f3n Preparatoria de Quispicanchi orden\u00f3 9 meses de prisi\u00f3n preventiva contra dos sujetos por el presunto delito de feminicidio [&hellip;]<\/p>\n","protected":false},"author":1,"featured_media":3732,"comment_status":"open","ping_status":"open","sticky":false,"template":"","format":"standard","meta":{"_monsterinsights_skip_tracking":false,"_monsterinsights_sitenote_active":false,"_monsterinsights_sitenote_note":"","_monsterinsights_sitenote_category":0,"_jetpack_memberships_contains_paid_content":false,"footnotes":"","jetpack_publicize_message":"","jetpack_publicize_feature_enabled":true,"jetpack_social_post_already_shared":false,"jetpack_social_options":{"image_generator_settings":{"template":"highway","default_image_id":0,"font":"","enabled":false},"version":2}},"categories":[1],"tags":[],"class_list":["post-3731","post","type-post","status-publish","format-standard","has-post-thumbnail","hentry","category-sin-categoria"],"blocksy_meta":[],"jetpack_publicize_connections":[],"jetpack_featured_media_url":"https:\/\/derechosinfronteras.pe\/wp-content\/uploads\/2020\/11\/NOTA-FEMINICIDIO.jpg","jetpack_sharing_enabled":true,"jetpack_likes_enabled":true,"_links":{"self":[{"href":"https:\/\/derechosinfronteras.pe\/ingles\/wp-json\/wp\/v2\/posts\/3731","targetHints":{"allow":["GET"]}}],"collection":[{"href":"https:\/\/derechosinfronteras.pe\/ingles\/wp-json\/wp\/v2\/posts"}],"about":[{"href":"https:\/\/derechosinfronteras.pe\/ingles\/wp-json\/wp\/v2\/types\/post"}],"author":[{"embeddable":true,"href":"https:\/\/derechosinfronteras.pe\/ingles\/wp-json\/wp\/v2\/users\/1"}],"replies":[{"embeddable":true,"href":"https:\/\/derechosinfronteras.pe\/ingles\/wp-json\/wp\/v2\/comments?post=3731"}],"version-history":[{"count":0,"href":"https:\/\/derechosinfronteras.pe\/ingles\/wp-json\/wp\/v2\/posts\/3731\/revisions"}],"wp:featuredmedia":[{"embeddable":true,"href":"https:\/\/derechosinfronteras.pe\/ingles\/wp-json\/wp\/v2\/media\/3732"}],"wp:attachment":[{"href":"https:\/\/derechosinfronteras.pe\/ingles\/wp-json\/wp\/v2\/media?parent=3731"}],"wp:term":[{"taxonomy":"category","embeddable":true,"href":"https:\/\/derechosinfronteras.pe\/ingles\/wp-json\/wp\/v2\/categories?post=3731"},{"taxonomy":"post_tag","embeddable":true,"href":"https:\/\/derechosinfronteras.pe\/ingles\/wp-json\/wp\/v2\/tags?post=3731"}],"curies":[{"name":"wp","href":"https:\/\/api.w.org\/{rel}","templated":true}]}}