{"id":3739,"date":"2020-11-03T17:30:52","date_gmt":"2020-11-03T22:30:52","guid":{"rendered":"http:\/\/derechosinfronteras.pe\/?p=6906"},"modified":"2020-11-03T17:30:52","modified_gmt":"2020-11-03T22:30:52","slug":"procuraduria-solicita-reincorporar-tres-declaraciones-en-caso-espinar-a-pesar-de-encontrarse-en-etapa-final-de-juicio","status":"publish","type":"post","link":"https:\/\/derechosinfronteras.pe\/ingles\/procuraduria-solicita-reincorporar-tres-declaraciones-en-caso-espinar-a-pesar-de-encontrarse-en-etapa-final-de-juicio\/","title":{"rendered":"Procuradur\u00eda solicita reincorporar tres declaraciones en Caso Espinar a pesar de encontrarse en etapa final de juicio"},"content":{"rendered":"<p>Redacci\u00f3n DHSF<\/p>\n<p>A pesar de estar fuera de la etapa de reincorporaci\u00f3n,\u00a0la representante de la procuradur\u00eda, Yavari Villanueva, solicit\u00f3 que 3 testigos fueran reincorporados en el juicio al ex alcalde y los ex dirigentes por el caso Espinar durante los hechos ocurridos en el 2012.<\/p>\n<p>Dicho pedido ser\u00e1 evaluado la siguiente sesi\u00f3n, programada para el mi\u00e9rcoles 4 de noviembre, en la cu\u00e1l el fiscal H\u00e9ctor Herrera junto a una trabajadora del municipio y un poblador espinarense, tendr\u00edan que rendir sus declaraciones desde su perspectiva en la materia de la denuncia. Cabe resaltar que Herrera fue el fiscal retenido por la poblaci\u00f3n durante los d\u00edas de protesta por un promedio de 200 personas.<\/p>\n<p>Sin embargo, la defensa de los acusados, ha solicitado por principio de preclusividad, que no se retroceda en el proceso legal que se encuentra ya en la etapa final. Esto debido a pesar de las reiteradas notificaciones formales que se les dio a dichos testigos, ellos no se presentaron. \u00abPrimero se les cit\u00f3\u00a0 de manera formal, luego se dispuso su conducci\u00f3n compulsiva y tampoco se dio con su paradero, es all\u00ed donde el juez de acuerdo a ley y previo debate con las partes, decidi\u00f3 prescindir de dichos testimonios.\u00bb Menciona Sergio Sullca, abogado de\u00a0Herbert Huam\u00e1n.<\/p>\n<p>Cabe resaltar que hasta la fecha no se ha probado que los ex dirigentes,\u00a0Herbert Huam\u00e1n y Sergio Huam\u00e1n, y el ex alcalde, Oscar Mollohuanca, hayan ordenado el secuestro de fiscal, la quema de la camioneta y otros hechos por los que se les acusa.\u00a0 Y mientras se intenta retroceder en la reincorporaci\u00f3n de testigos, las declaraciones tomadas a los denunciados fueron en cirscuntancias irregulares dentro del campamento minero, coactados por la fuerza policial bajo amenazas y en medio de actos de violencia.<\/p>\n<p>&nbsp;<\/p>\n<p>&nbsp;<\/p>\n<p>&nbsp;<\/p>","protected":false},"excerpt":{"rendered":"<p>Redacci\u00f3n DHSF A pesar de estar fuera de la etapa de reincorporaci\u00f3n,\u00a0la representante de la procuradur\u00eda, Yavari Villanueva, solicit\u00f3 que 3 testigos fueran reincorporados en el juicio al ex alcalde y los ex dirigentes por el caso Espinar durante los hechos ocurridos en el 2012. Dicho pedido ser\u00e1 evaluado la siguiente sesi\u00f3n, programada para el [&hellip;]<\/p>\n","protected":false},"author":1,"featured_media":3740,"comment_status":"open","ping_status":"open","sticky":false,"template":"","format":"standard","meta":{"_monsterinsights_skip_tracking":false,"_monsterinsights_sitenote_active":false,"_monsterinsights_sitenote_note":"","_monsterinsights_sitenote_category":0,"_jetpack_memberships_contains_paid_content":false,"footnotes":"","jetpack_publicize_message":"","jetpack_publicize_feature_enabled":true,"jetpack_social_post_already_shared":false,"jetpack_social_options":{"image_generator_settings":{"template":"highway","default_image_id":0,"font":"","enabled":false},"version":2}},"categories":[1],"tags":[],"class_list":["post-3739","post","type-post","status-publish","format-standard","has-post-thumbnail","hentry","category-sin-categoria"],"blocksy_meta":[],"jetpack_publicize_connections":[],"jetpack_featured_media_url":"https:\/\/derechosinfronteras.pe\/wp-content\/uploads\/2020\/11\/38.-CASO-ESPINAR-2.jpg","jetpack_sharing_enabled":true,"jetpack_likes_enabled":true,"_links":{"self":[{"href":"https:\/\/derechosinfronteras.pe\/ingles\/wp-json\/wp\/v2\/posts\/3739","targetHints":{"allow":["GET"]}}],"collection":[{"href":"https:\/\/derechosinfronteras.pe\/ingles\/wp-json\/wp\/v2\/posts"}],"about":[{"href":"https:\/\/derechosinfronteras.pe\/ingles\/wp-json\/wp\/v2\/types\/post"}],"author":[{"embeddable":true,"href":"https:\/\/derechosinfronteras.pe\/ingles\/wp-json\/wp\/v2\/users\/1"}],"replies":[{"embeddable":true,"href":"https:\/\/derechosinfronteras.pe\/ingles\/wp-json\/wp\/v2\/comments?post=3739"}],"version-history":[{"count":0,"href":"https:\/\/derechosinfronteras.pe\/ingles\/wp-json\/wp\/v2\/posts\/3739\/revisions"}],"wp:featuredmedia":[{"embeddable":true,"href":"https:\/\/derechosinfronteras.pe\/ingles\/wp-json\/wp\/v2\/media\/3740"}],"wp:attachment":[{"href":"https:\/\/derechosinfronteras.pe\/ingles\/wp-json\/wp\/v2\/media?parent=3739"}],"wp:term":[{"taxonomy":"category","embeddable":true,"href":"https:\/\/derechosinfronteras.pe\/ingles\/wp-json\/wp\/v2\/categories?post=3739"},{"taxonomy":"post_tag","embeddable":true,"href":"https:\/\/derechosinfronteras.pe\/ingles\/wp-json\/wp\/v2\/tags?post=3739"}],"curies":[{"name":"wp","href":"https:\/\/api.w.org\/{rel}","templated":true}]}}