{"id":3741,"date":"2020-10-29T12:14:04","date_gmt":"2020-10-29T17:14:04","guid":{"rendered":"http:\/\/derechosinfronteras.pe\/?p=6899"},"modified":"2020-10-29T12:14:04","modified_gmt":"2020-10-29T17:14:04","slug":"espinar-dio-72-horas-al-gobierno-nacional-para-que-reinicie-la-mesa-de-dialogo-presencial","status":"publish","type":"post","link":"https:\/\/derechosinfronteras.pe\/ingles\/espinar-dio-72-horas-al-gobierno-nacional-para-que-reinicie-la-mesa-de-dialogo-presencial\/","title":{"rendered":"Espinar dio  72 horas al Gobierno nacional para que reinicie la mesa de di\u00e1logo presencial"},"content":{"rendered":"<p><span style=\"font-weight: 400;\">Redacci\u00f3n: DHFS<\/span><\/p>\n<p><span style=\"font-weight: 400;\">La poblaci\u00f3n de Espinar acord\u00f3 ayer conceder un plazo de\u00a0 72 horas al Gobierno nacional para que reinicie la mesa de di\u00e1logo de manera presencial en la capital provincial y emita una resoluci\u00f3n que oficialice las mesas independientes de reformulaci\u00f3n del Convenio Marco, proyecto integraci\u00f3n Coroccohuayco, derechos humanos, justicia y salud, afectaci\u00f3n por metales pesados, corredor minero, contaminaci\u00f3n ambiental, y el cambio de jueces y fiscales.<\/span><\/p>\n<p><span style=\"font-weight: 400;\">Ese es uno de los acuerdos de la asamblea popular realizada en la plaza principal de Yauri, capital de la provincia de Espinar.<\/span><\/p>\n<p><span style=\"font-weight: 400;\">Los otros temas fueron la evaluaci\u00f3n del cumplimiento de plataforma de lucha por parte del Gobierno central, informe del alcalde provincial y regidores sobre la actual gesti\u00f3n municipal, y la evaluaci\u00f3n del personal y funcionarios trabajadores de la municipalidad, educaci\u00f3n, entre otros puntos.\u00a0<\/span><\/p>\n<p><span style=\"font-weight: 400;\">El\u00a0 alcalde de Espinar<\/span><span style=\"font-weight: 400;\">,<\/span><span style=\"font-weight: 400;\"> Lolo Arenas Armend\u00e1riz, manifest\u00f3, acerca de la reformulaci\u00f3n del Convenio Marco, que<\/span> <span style=\"font-weight: 400;\">\u201clucharemos hasta las \u00faltimas consecuencias hasta lograr (que el aporte del convenio pase) del 3% al 8%\u201d. Del mismo modo, dijo que se enviar\u00e1 un oficio reiterativo a los diferentes\u00a0 colegios profesionales para que se sumen al equipo t\u00e9cnico para empezar con la reformulaci\u00f3n.<\/span><\/p>\n<p><span style=\"font-weight: 400;\">Por otro lado, la poblaci\u00f3n y organizaciones en su mayor\u00eda respald\u00f3\u00a0 el pedido de revocatoria del alcalde de Espinar debido a las denuncias por presuntas irregularidades en contra de su gesti\u00f3n y el incumplimiento de la ejecuci\u00f3n del presupuesto. El proceso de revocatoria ser\u00e1 encabezado por los j\u00f3venes, quienes conformar\u00e1n el comit\u00e9 de revocatoria.<\/span><\/p>\n<p><span style=\"font-weight: 400;\">As\u00ed mismo, <\/span><span style=\"font-weight: 400;\">ayer por la noche renunci\u00f3 <\/span><span style=\"font-weight: 400;\">el <\/span><span style=\"font-weight: 400;\">gerente general de la municipalidad provincial Werner Salcedo. Al respecto, en una conferencia de prensa, <\/span><span style=\"font-weight: 400;\">junto al equipo t\u00e9cnico,\u00a0<\/span><span style=\"font-weight: 400;\">manifest\u00f3 <\/span><span style=\"font-weight: 400;\">que tuvieron que presentar sus cartas de renuncia porque no hay lealtad y\u00a0 no existe un compromiso para con el equipo t\u00e9cnico.<\/span><\/p>\n<p><span style=\"font-weight: 400;\">Recordemos que en las asambleas populares, participan organizaciones populares, presidentes de barrios, presidentes de comunidades campesinas, sindicatos,\u00a0 asociaciones, club de madres, colegios profesionales, comit\u00e9s organizados, autoridades de las diferentes instituciones p\u00fablicas y privadas, asamble\u00edstas, y otras organizaciones vivas de la sociedad civil, previa identificaci\u00f3n.\u00a0<\/span><\/p>\n<p><span style=\"font-weight: 400;\">La asamblea popular de Espinar se realiz\u00f3 con la finalidad de convocar al pueblo para su expresi\u00f3n libre frente a la problem\u00e1tica de los diferentes sectores p\u00fablicos y privados de dicha provincia. Esta concluy\u00f3 con el informe oral oficial y su posterior recepci\u00f3n de forma escrita, documentada y detallada\u00a0 respondiendo a los documentos previos alcanzadas a cada instituci\u00f3n de acuerdo a las exigencias, preocupaciones, observaciones recepcionadas y socializadas.\u00a0<\/span><\/p>","protected":false},"excerpt":{"rendered":"<p>Redacci\u00f3n: DHFS La poblaci\u00f3n de Espinar acord\u00f3 ayer conceder un plazo de\u00a0 72 horas al Gobierno nacional para que reinicie la mesa de di\u00e1logo de manera presencial en la capital provincial y emita una resoluci\u00f3n que oficialice las mesas independientes de reformulaci\u00f3n del Convenio Marco, proyecto integraci\u00f3n Coroccohuayco, derechos humanos, justicia y salud, afectaci\u00f3n por [&hellip;]<\/p>\n","protected":false},"author":1,"featured_media":3742,"comment_status":"open","ping_status":"open","sticky":false,"template":"","format":"standard","meta":{"_monsterinsights_skip_tracking":false,"_monsterinsights_sitenote_active":false,"_monsterinsights_sitenote_note":"","_monsterinsights_sitenote_category":0,"_jetpack_memberships_contains_paid_content":false,"footnotes":"","jetpack_publicize_message":"","jetpack_publicize_feature_enabled":true,"jetpack_social_post_already_shared":false,"jetpack_social_options":{"image_generator_settings":{"template":"highway","default_image_id":0,"font":"","enabled":false},"version":2}},"categories":[1],"tags":[],"class_list":["post-3741","post","type-post","status-publish","format-standard","has-post-thumbnail","hentry","category-sin-categoria"],"blocksy_meta":[],"jetpack_publicize_connections":[],"jetpack_featured_media_url":"https:\/\/derechosinfronteras.pe\/wp-content\/uploads\/2020\/10\/plantilla2222.jpg","jetpack_sharing_enabled":true,"jetpack_likes_enabled":true,"_links":{"self":[{"href":"https:\/\/derechosinfronteras.pe\/ingles\/wp-json\/wp\/v2\/posts\/3741","targetHints":{"allow":["GET"]}}],"collection":[{"href":"https:\/\/derechosinfronteras.pe\/ingles\/wp-json\/wp\/v2\/posts"}],"about":[{"href":"https:\/\/derechosinfronteras.pe\/ingles\/wp-json\/wp\/v2\/types\/post"}],"author":[{"embeddable":true,"href":"https:\/\/derechosinfronteras.pe\/ingles\/wp-json\/wp\/v2\/users\/1"}],"replies":[{"embeddable":true,"href":"https:\/\/derechosinfronteras.pe\/ingles\/wp-json\/wp\/v2\/comments?post=3741"}],"version-history":[{"count":0,"href":"https:\/\/derechosinfronteras.pe\/ingles\/wp-json\/wp\/v2\/posts\/3741\/revisions"}],"wp:featuredmedia":[{"embeddable":true,"href":"https:\/\/derechosinfronteras.pe\/ingles\/wp-json\/wp\/v2\/media\/3742"}],"wp:attachment":[{"href":"https:\/\/derechosinfronteras.pe\/ingles\/wp-json\/wp\/v2\/media?parent=3741"}],"wp:term":[{"taxonomy":"category","embeddable":true,"href":"https:\/\/derechosinfronteras.pe\/ingles\/wp-json\/wp\/v2\/categories?post=3741"},{"taxonomy":"post_tag","embeddable":true,"href":"https:\/\/derechosinfronteras.pe\/ingles\/wp-json\/wp\/v2\/tags?post=3741"}],"curies":[{"name":"wp","href":"https:\/\/api.w.org\/{rel}","templated":true}]}}