{"id":3745,"date":"2020-10-26T11:14:10","date_gmt":"2020-10-26T16:14:10","guid":{"rendered":"http:\/\/derechosinfronteras.pe\/?p=6873"},"modified":"2020-10-26T11:14:10","modified_gmt":"2020-10-26T16:14:10","slug":"red-de-mujeres-andinas-y-amazonicas-de-la-macro-region-sur-las-violaciones-en-grupo-nos-demuestra-la-existencia-de-una-masculinidad-progresivamente-precarizada-y-deshumanizada","status":"publish","type":"post","link":"https:\/\/derechosinfronteras.pe\/ingles\/red-de-mujeres-andinas-y-amazonicas-de-la-macro-region-sur-las-violaciones-en-grupo-nos-demuestra-la-existencia-de-una-masculinidad-progresivamente-precarizada-y-deshumanizada\/","title":{"rendered":"Red de Mujeres Andinas y Amaz\u00f3nicas de la Macro Regi\u00f3n Sur: \u00abViolaciones en grupo nos demuestra una masculinidad precarizada y deshumanizada\u00bb"},"content":{"rendered":"<p>Redacci\u00f3n DHSF<\/p>\n<p>Los \u00faltimos casos de violencia sexual muestran, una vez m\u00e1s, que las mujeres enfrentamos en estos momentos dos grandes problemas: la pandemia y el machismo. Por tal raz\u00f3n, la Red de Mujeres Andinas y Amaz\u00f3nicas de la Macro Regi\u00f3n Sur del Per\u00fa, y las instituciones de la sociedad civil, alzaron su voz de indignaci\u00f3n frente a los permanentes actos de violencia sobre la vida y el cuerpo de las mujeres, y expresaron su solidaridad a todas las v\u00edctimas de violencia sexual.<\/p>\n<p>\u201cViolaciones grupales a mujeres de todas las edades como los ocurridos en estas \u00faltimas semanas nos desnuda como sociedad, una vez m\u00e1s hombres que forman una manada cuyo acto grupal nos muestra una estructura del orden patriarcal que no respeta los l\u00edmites de los derechos humanos\u201d, se lee en el pronunciamiento.<\/p>\n<p>Adem\u00e1s, rechazaron los actos medi\u00e1ticos que buscan culpabilizar a la v\u00edctima de la violencia sexual tal como viene ocurriendo con el \u00faltimo caso de violaci\u00f3n grupal en el distrito de Surco, Lima. La Regi\u00f3n Macro Sur tampoco ha sido ajena a esta realidad. Durante los meses de pandemia, mujeres adultas, adolescentes, ancianas y ni\u00f1as tambi\u00e9n han sido v\u00edctimas de violaci\u00f3n sexual. \u201cLas violaciones en grupo nos demuestra la existencia de una masculinidad progresivamente precarizada y deshumanizada, as\u00ed como la existencia de la justificaci\u00f3n a estos cr\u00edmenes culpando y sancionando a las v\u00edctimas como responsables de estos hechos. Es urgente que los hombres redefinan lo que es ser hombre, y que la crianza de las nuevas generaciones se base en el respeto y protecci\u00f3n al cuerpo, salud y vida de las personas y en el ejercicio de una sexualidad m\u00e1s saludable, porque, si no, van a ser atrapados por una ola de violencia\u201d, se\u00f1ala el documento.<\/p>\n<p>En ese sentido, a trav\u00e9s del pronunciamiento, exigieron a las autoridades nacionales, regionales y locales, los sectores y operadores de justicia act\u00faen en todos y cada uno de los casos, en cumplimiento de la Ley N\u00b030364 y toda la normativa correspondiente considerando a la <strong>V\u00cdCTIMA COMO PRIORIDAD<\/strong> y <strong>SUJETA DE DERECHOS<\/strong>. Por lo tanto, demandaron lo siguiente:<\/p>\n<ul>\n<li>Celeridad e idoneidad en cada una de las instituciones competentes.<\/li>\n<li>Preservar la confidencialidad, privacidad y derecho a una atenci\u00f3n integral de su salud f\u00edsica y mental.<\/li>\n<li>Adopci\u00f3n de medidas de protecci\u00f3n para garantizar el bienestar y seguridad de la v\u00edctima.<\/li>\n<li>Seguir los procesos judiciales de oficio, tal como lo manda la normativa vigente<\/li>\n<li>Mantener una articulaci\u00f3n entre Comisar\u00edas, Centro de Emergencia Mujer, Fiscal\u00eda y Poder Judicial para garantizar acceso a<\/li>\n<li>Garantizar el acceso al Kit de emergencia para v\u00edctimas de violencia sexual en todos los establecimientos de<\/li>\n<li>Asegurar el cuidado de la salud mental y acompa\u00f1amiento necesario, incluyendo el involucramiento del Centro de Salud Mental<\/li>\n<li>Ayudar a encontrar redes de soporte socio familiares, que contribuyan con la recuperaci\u00f3n f\u00edsica emocional y acceso a justicia para la v\u00edctima.<\/li>\n<li>En caso de embarazo producto de la violaci\u00f3n, informar que tiene derecho a pasar una evaluaci\u00f3n integral para determinar s\u00ed el embarazo pone en riesgo su vida o salud (f\u00edsica y mental), ante lo cual tiene derecho a acceder al Aborto Terap\u00e9utico de manera<\/li>\n<li>Operadores especializados en atenci\u00f3n con enfoque integrales, intersectorial incorporen el criterio de ciclo de vida de las v\u00edctimas.<\/li>\n<li>Necesitamos que el MIMP proteja y atienda de manera integral a las mujeres sobrevientas de actos de violencia y que sus estrategias de prevenci\u00f3n y atenci\u00f3n sean m\u00e1s eficientes. La violencia sexual que hoy afecta a las mujeres, a las ni\u00f1as y ni\u00f1os no podr\u00e1 superarse s\u00f3lo con la persecuci\u00f3n. Necesitamos pol\u00edticas de transversalizaci\u00f3n del enfoque de igualdad de g\u00e9nero.<\/li>\n<li>Demandamos que todos los sectores del Estado asuman este desaf\u00edo asignando presupuestos para la implementaci\u00f3n de proyectos que enfrenten esta realidad tan cruel y<\/li>\n<\/ul>\n<p>Finalmente, la Red de Mujeres Andinas y Amaz\u00f3nicas de la Macro Regi\u00f3n Sur del Per\u00fa anunci\u00f3 que se mantendr\u00e1 vigilante para que estas acciones se cumplan desde cada una de las instituciones respectivas.<\/p>\n<p>A continuaci\u00f3n, las instituciones y organizaciones que respaldan el pronunciamiento:<\/p>\n<ul>\n<li>Organizaciones Femeninas de la Provincia de Paucartambo Warmikunaq Munay T&#8217;ikariynin<\/li>\n<li>Federaci\u00f3n de Mujeres Wi\u00f1ay Warmi de la Regi\u00f3n Puno.<\/li>\n<li>Asociaci\u00f3n de Mujeres Ind\u00edgenas de Melgar \u2013 Puno<\/li>\n<li>FEMUCARINAP<\/li>\n<li>Federaci\u00f3n de Mujeres de la Regi\u00f3n Apur\u00edmac. FEMURA<\/li>\n<li>FENAMAD<\/li>\n<li>Ayni Desarrollo<\/li>\n<li>Movimiento de Promoci\u00f3n Por los Derechos Humanos de las Mujeres \u2013 AMHAUTA<\/li>\n<li>Centro Bartolom\u00e9 de Las Casas<\/li>\n<li>Red Nacional de Promoci\u00f3n de la Mujer &#8211;<\/li>\n<li>Derechos Humanos sin Fronteras Cusco.<\/li>\n<\/ul>","protected":false},"excerpt":{"rendered":"<p>Redacci\u00f3n DHSF Los \u00faltimos casos de violencia sexual muestran, una vez m\u00e1s, que las mujeres enfrentamos en estos momentos dos grandes problemas: la pandemia y el machismo. Por tal raz\u00f3n, la Red de Mujeres Andinas y Amaz\u00f3nicas de la Macro Regi\u00f3n Sur del Per\u00fa, y las instituciones de la sociedad civil, alzaron su voz de [&hellip;]<\/p>\n","protected":false},"author":1,"featured_media":3746,"comment_status":"open","ping_status":"open","sticky":false,"template":"","format":"standard","meta":{"_monsterinsights_skip_tracking":false,"_monsterinsights_sitenote_active":false,"_monsterinsights_sitenote_note":"","_monsterinsights_sitenote_category":0,"_jetpack_memberships_contains_paid_content":false,"footnotes":"","jetpack_publicize_message":"","jetpack_publicize_feature_enabled":true,"jetpack_social_post_already_shared":false,"jetpack_social_options":{"image_generator_settings":{"template":"highway","default_image_id":0,"font":"","enabled":false},"version":2}},"categories":[1],"tags":[],"class_list":["post-3745","post","type-post","status-publish","format-standard","has-post-thumbnail","hentry","category-sin-categoria"],"blocksy_meta":[],"jetpack_publicize_connections":[],"jetpack_featured_media_url":"https:\/\/derechosinfronteras.pe\/wp-content\/uploads\/2020\/10\/NOTA-RED-2-FIRME.jpg","jetpack_sharing_enabled":true,"jetpack_likes_enabled":true,"_links":{"self":[{"href":"https:\/\/derechosinfronteras.pe\/ingles\/wp-json\/wp\/v2\/posts\/3745","targetHints":{"allow":["GET"]}}],"collection":[{"href":"https:\/\/derechosinfronteras.pe\/ingles\/wp-json\/wp\/v2\/posts"}],"about":[{"href":"https:\/\/derechosinfronteras.pe\/ingles\/wp-json\/wp\/v2\/types\/post"}],"author":[{"embeddable":true,"href":"https:\/\/derechosinfronteras.pe\/ingles\/wp-json\/wp\/v2\/users\/1"}],"replies":[{"embeddable":true,"href":"https:\/\/derechosinfronteras.pe\/ingles\/wp-json\/wp\/v2\/comments?post=3745"}],"version-history":[{"count":0,"href":"https:\/\/derechosinfronteras.pe\/ingles\/wp-json\/wp\/v2\/posts\/3745\/revisions"}],"wp:featuredmedia":[{"embeddable":true,"href":"https:\/\/derechosinfronteras.pe\/ingles\/wp-json\/wp\/v2\/media\/3746"}],"wp:attachment":[{"href":"https:\/\/derechosinfronteras.pe\/ingles\/wp-json\/wp\/v2\/media?parent=3745"}],"wp:term":[{"taxonomy":"category","embeddable":true,"href":"https:\/\/derechosinfronteras.pe\/ingles\/wp-json\/wp\/v2\/categories?post=3745"},{"taxonomy":"post_tag","embeddable":true,"href":"https:\/\/derechosinfronteras.pe\/ingles\/wp-json\/wp\/v2\/tags?post=3745"}],"curies":[{"name":"wp","href":"https:\/\/api.w.org\/{rel}","templated":true}]}}