{"id":3747,"date":"2020-10-26T10:08:22","date_gmt":"2020-10-26T15:08:22","guid":{"rendered":"http:\/\/derechosinfronteras.pe\/?p=6868"},"modified":"2020-10-26T10:08:22","modified_gmt":"2020-10-26T15:08:22","slug":"consulta-previa-del-proyecto-minero-ampliacion-coroccohuayco-reiniciara-el-9-de-noviembre","status":"publish","type":"post","link":"https:\/\/derechosinfronteras.pe\/ingles\/consulta-previa-del-proyecto-minero-ampliacion-coroccohuayco-reiniciara-el-9-de-noviembre\/","title":{"rendered":"Consulta previa del proyecto minero Ampliaci\u00f3n Coroccohuayco reiniciar\u00e1 el 9 de noviembre"},"content":{"rendered":"<p>Redacci\u00f3n DHSF<\/p>\n<p>El proceso de consulta previa del proyecto minero\u00a0<b>Coroccohuayco\u00a0<\/b>reiniciar\u00e1 este lunes 9 de noviembre, esto tras el acuerdo alcanzado entre el Ejecutivo y las 11 comunidades originarias de la provincia cusque\u00f1a de\u00a0<b>Espinar\u00a0<\/b>que se encuentran en la zona de influencia directa.<\/p>\n<p>Luego de estar suspendido durante los meses de pandemia, el proceso qued\u00f3 en la etapa de socializaci\u00f3n del <strong>MEIA<\/strong> en la comunidad de Tintaya Marquiri. Sin embargo, durante la reuni\u00f3n que sostuvieron este viernes 23 de octubre el titular del<strong> MINEM<\/strong>, Miguel Inch\u00e1ustegui, con los dirigentes de Espinar, llegaron al acuerdo de reiniciar la\u00a0 b\u00fasqueda de consensos para el desarrollo de los proyectos mineros energ\u00e9ticos.<\/p>\n<p>El viceministro de Minas, Jaime G\u00e1lvez, ser\u00e1 el encargado de representar al MINEM este 9 de noviembre, estando presente durante los talleres informativos que constituyen la fase inicial del proceso.<\/p>\n<p>Otro acuerdo alcanzado fue el compromiso del ministro Inch\u00e1ustegui para visitar la provincia de Espinar y sostener reuniones con dirigentes de las comunidades afectadas luego del reinicio de la consulta previa. La agenda que se desarrollar\u00e1 en dicha visita ser\u00e1 elaborada en coordinaci\u00f3n con la Oficina General de Gesti\u00f3n Social (OGGS) del MINEM.<\/p>\n<p>En lo referido al Fondo de Emergencia Social, se acord\u00f3 realizar una reuni\u00f3n en la ciudad del Cusco el 4 de noviembre, con la participaci\u00f3n de los equipos t\u00e9cnicos del Minem, PCM, el Gobierno Regional del Cusco y las comunidades, de cara a tratar alternativas para su implementaci\u00f3n.<\/p>\n<p>Estos acuerdos fueron adoptados en el marco de dos jornadas de reuniones en la que tambi\u00e9n estuvieron presentes Paola Bustamante, alta comisionada para el Di\u00e1logo y el Desarrollo en el Corredor Vial Sur, y Paulo Vilca, viceministro de Gobernanza Territorial de la Presidencia del Consejo de Ministros (PCM), Paulo Vilca, entre otros funcionarios.<\/p>\n<figure id=\"attachment_6869\" aria-describedby=\"caption-attachment-6869\" style=\"width: 1024px\" class=\"wp-caption alignnone\"><img fetchpriority=\"high\" decoding=\"async\" class=\"size-large wp-image-6869\" src=\"http:\/\/derechosinfronteras.pe\/wp-content\/uploads\/2020\/10\/ElDZPgnW0AUv9D4-1024x668.jpg\" alt=\"\" width=\"1024\" height=\"668\" \/><figcaption id=\"caption-attachment-6869\" class=\"wp-caption-text\">Foto: MINEM<\/figcaption><\/figure>\n<p>&nbsp;<\/p>\n<p>&nbsp;<\/p>\n<p>asamblea multicomunal<\/p>\n<p>leonidas ancca<\/p>\n<p>javier alcamari<\/p>\n<p>&nbsp;<\/p>","protected":false},"excerpt":{"rendered":"<p>Redacci\u00f3n DHSF El proceso de consulta previa del proyecto minero\u00a0Coroccohuayco\u00a0reiniciar\u00e1 este lunes 9 de noviembre, esto tras el acuerdo alcanzado entre el Ejecutivo y las 11 comunidades originarias de la provincia cusque\u00f1a de\u00a0Espinar\u00a0que se encuentran en la zona de influencia directa. Luego de estar suspendido durante los meses de pandemia, el proceso qued\u00f3 en la [&hellip;]<\/p>\n","protected":false},"author":1,"featured_media":3748,"comment_status":"open","ping_status":"open","sticky":false,"template":"","format":"standard","meta":{"_monsterinsights_skip_tracking":false,"_monsterinsights_sitenote_active":false,"_monsterinsights_sitenote_note":"","_monsterinsights_sitenote_category":0,"_jetpack_memberships_contains_paid_content":false,"footnotes":"","jetpack_publicize_message":"","jetpack_publicize_feature_enabled":true,"jetpack_social_post_already_shared":false,"jetpack_social_options":{"image_generator_settings":{"template":"highway","default_image_id":0,"font":"","enabled":false},"version":2}},"categories":[1],"tags":[],"class_list":["post-3747","post","type-post","status-publish","format-standard","has-post-thumbnail","hentry","category-sin-categoria"],"blocksy_meta":[],"jetpack_publicize_connections":[],"jetpack_featured_media_url":"https:\/\/derechosinfronteras.pe\/wp-content\/uploads\/2020\/10\/36.-REINICIO-COROCCOHUAYCO.jpg","jetpack_sharing_enabled":true,"jetpack_likes_enabled":true,"_links":{"self":[{"href":"https:\/\/derechosinfronteras.pe\/ingles\/wp-json\/wp\/v2\/posts\/3747","targetHints":{"allow":["GET"]}}],"collection":[{"href":"https:\/\/derechosinfronteras.pe\/ingles\/wp-json\/wp\/v2\/posts"}],"about":[{"href":"https:\/\/derechosinfronteras.pe\/ingles\/wp-json\/wp\/v2\/types\/post"}],"author":[{"embeddable":true,"href":"https:\/\/derechosinfronteras.pe\/ingles\/wp-json\/wp\/v2\/users\/1"}],"replies":[{"embeddable":true,"href":"https:\/\/derechosinfronteras.pe\/ingles\/wp-json\/wp\/v2\/comments?post=3747"}],"version-history":[{"count":0,"href":"https:\/\/derechosinfronteras.pe\/ingles\/wp-json\/wp\/v2\/posts\/3747\/revisions"}],"wp:featuredmedia":[{"embeddable":true,"href":"https:\/\/derechosinfronteras.pe\/ingles\/wp-json\/wp\/v2\/media\/3748"}],"wp:attachment":[{"href":"https:\/\/derechosinfronteras.pe\/ingles\/wp-json\/wp\/v2\/media?parent=3747"}],"wp:term":[{"taxonomy":"category","embeddable":true,"href":"https:\/\/derechosinfronteras.pe\/ingles\/wp-json\/wp\/v2\/categories?post=3747"},{"taxonomy":"post_tag","embeddable":true,"href":"https:\/\/derechosinfronteras.pe\/ingles\/wp-json\/wp\/v2\/tags?post=3747"}],"curies":[{"name":"wp","href":"https:\/\/api.w.org\/{rel}","templated":true}]}}