{"id":3749,"date":"2020-10-23T16:15:37","date_gmt":"2020-10-23T21:15:37","guid":{"rendered":"http:\/\/derechosinfronteras.pe\/?p=6861"},"modified":"2020-10-23T16:15:37","modified_gmt":"2020-10-23T21:15:37","slug":"luego-de-mas-de-dos-anos-poder-judicial-programa-audiencia-de-sustentacion-contra-fujimori-y-otros-por-el-caso-de-esterilizaciones-forzadas","status":"publish","type":"post","link":"https:\/\/derechosinfronteras.pe\/ingles\/luego-de-mas-de-dos-anos-poder-judicial-programa-audiencia-de-sustentacion-contra-fujimori-y-otros-por-el-caso-de-esterilizaciones-forzadas\/","title":{"rendered":"Luego de m\u00e1s de dos a\u00f1os, PJ programa audiencia contra Fujimori y otros por el caso de esterilizaciones forzadas"},"content":{"rendered":"<p>Redacci\u00f3n DHSF<\/p>\n<p>Despu\u00e9s de m\u00e1s de dos a\u00f1os de una larga lucha iniciada por diferentes organizaciones feministas y de derechos humanos, el Poder Judicial program\u00f3 para el 11 de enero del pr\u00f3ximo a\u00f1o la audiencia de sustentaci\u00f3n de cargos contra los presuntos autores mediatos de la pol\u00edtica de esterilizaciones forzadas efectuada entre 1996 y 2000.<\/p>\n<p>El expresidente de la Rep\u00fablica, Alberto Fujimori Fujimori, encabeza la lista de denunciados junto a sus exministros de Salud, Marino Costa Bauer, Alejandro Aguinaga y Eduardo Yong Motta, entre otros. En el 2018, el Ministerio P\u00fablico formaliz\u00f3 la denuncia penal contra ellos por el presunto delito contra la vida, el cuerpo y la salud -lesiones graves- seguidas de muerte en un contexto de grave violaci\u00f3n de derechos humanos, en agravio de Mar\u00eda Mestanza Ch\u00e1vez y otras personas. En total son 1316 denunciantes.<\/p>\n<p>En el 2019, se convoc\u00f3 a la audiencia de cargos por primera vez; sin embargo, la fecha nunca se program\u00f3 debido al cambio del fiscal del caso. Este retraso y lentitud del sistema de justicia fue cuestionado varias veces a nivel nacional. Incluso, este caso fue presentado al Comit\u00e9 para la Eliminaci\u00f3n de la Discriminaci\u00f3n contra la Mujer de la Organizaci\u00f3n de las Naciones Unidas.<\/p>\n<p>Hoy, por fin, se supo de la programaci\u00f3n de la audiencia de sustentaci\u00f3n de cargos gracias a una manifestaci\u00f3n p\u00fablica hecha por \u201cSomos 2074 y Muchas M\u00e1s\u201d, \u201cColectiva Collera\u201d, \u201cAuka\u201d, \u201cParo Internacional de Mujeres (PIM Per\u00fa)\u201d y Demus, el pasado fin de semana, y que capt\u00f3 la atenci\u00f3n de los medios de comunicaci\u00f3n.<\/p>\n<p>A trav\u00e9s de las redes sociales, la Asociaci\u00f3n de Mujeres Peruanas Afectadas por las Esterilizaciones Forzadas public\u00f3 la noticia y exigi\u00f3 verdad, justicia y una pol\u00edtica de reparaci\u00f3n integral a las v\u00edctimas de esterilizaciones forzadas. Derechos Humanos Sin Fronteras tambi\u00e9n se suma a esta lucha.<\/p>","protected":false},"excerpt":{"rendered":"<p>Redacci\u00f3n DHSF Despu\u00e9s de m\u00e1s de dos a\u00f1os de una larga lucha iniciada por diferentes organizaciones feministas y de derechos humanos, el Poder Judicial program\u00f3 para el 11 de enero del pr\u00f3ximo a\u00f1o la audiencia de sustentaci\u00f3n de cargos contra los presuntos autores mediatos de la pol\u00edtica de esterilizaciones forzadas efectuada entre 1996 y 2000. [&hellip;]<\/p>\n","protected":false},"author":1,"featured_media":3750,"comment_status":"open","ping_status":"open","sticky":false,"template":"","format":"standard","meta":{"_monsterinsights_skip_tracking":false,"_monsterinsights_sitenote_active":false,"_monsterinsights_sitenote_note":"","_monsterinsights_sitenote_category":0,"_jetpack_memberships_contains_paid_content":false,"footnotes":"","jetpack_publicize_message":"","jetpack_publicize_feature_enabled":true,"jetpack_social_post_already_shared":false,"jetpack_social_options":{"image_generator_settings":{"template":"highway","default_image_id":0,"font":"","enabled":false},"version":2}},"categories":[1],"tags":[],"class_list":["post-3749","post","type-post","status-publish","format-standard","has-post-thumbnail","hentry","category-sin-categoria"],"blocksy_meta":[],"jetpack_publicize_connections":[],"jetpack_featured_media_url":"https:\/\/derechosinfronteras.pe\/wp-content\/uploads\/2020\/10\/AUDIENCIA-DE-ESTERILIZACIONES-FORZADAS.jpg","jetpack_sharing_enabled":true,"jetpack_likes_enabled":true,"_links":{"self":[{"href":"https:\/\/derechosinfronteras.pe\/ingles\/wp-json\/wp\/v2\/posts\/3749","targetHints":{"allow":["GET"]}}],"collection":[{"href":"https:\/\/derechosinfronteras.pe\/ingles\/wp-json\/wp\/v2\/posts"}],"about":[{"href":"https:\/\/derechosinfronteras.pe\/ingles\/wp-json\/wp\/v2\/types\/post"}],"author":[{"embeddable":true,"href":"https:\/\/derechosinfronteras.pe\/ingles\/wp-json\/wp\/v2\/users\/1"}],"replies":[{"embeddable":true,"href":"https:\/\/derechosinfronteras.pe\/ingles\/wp-json\/wp\/v2\/comments?post=3749"}],"version-history":[{"count":0,"href":"https:\/\/derechosinfronteras.pe\/ingles\/wp-json\/wp\/v2\/posts\/3749\/revisions"}],"wp:featuredmedia":[{"embeddable":true,"href":"https:\/\/derechosinfronteras.pe\/ingles\/wp-json\/wp\/v2\/media\/3750"}],"wp:attachment":[{"href":"https:\/\/derechosinfronteras.pe\/ingles\/wp-json\/wp\/v2\/media?parent=3749"}],"wp:term":[{"taxonomy":"category","embeddable":true,"href":"https:\/\/derechosinfronteras.pe\/ingles\/wp-json\/wp\/v2\/categories?post=3749"},{"taxonomy":"post_tag","embeddable":true,"href":"https:\/\/derechosinfronteras.pe\/ingles\/wp-json\/wp\/v2\/tags?post=3749"}],"curies":[{"name":"wp","href":"https:\/\/api.w.org\/{rel}","templated":true}]}}