{"id":3751,"date":"2020-10-23T11:42:29","date_gmt":"2020-10-23T16:42:29","guid":{"rendered":"http:\/\/derechosinfronteras.pe\/?p=6855"},"modified":"2020-10-23T11:42:29","modified_gmt":"2020-10-23T16:42:29","slug":"comunidades-de-velille-suspenden-medidas-de-fuerza-con-la-condicion-que-se-cumplan-promesas","status":"publish","type":"post","link":"https:\/\/derechosinfronteras.pe\/ingles\/comunidades-de-velille-suspenden-medidas-de-fuerza-con-la-condicion-que-se-cumplan-promesas\/","title":{"rendered":"Comunidades de Velille suspenden medidas de fuerza con la condici\u00f3n que se cumplan promesas"},"content":{"rendered":"<p>Redacci\u00f3n DHSF<\/p>\n<p>Las comunidades de Tuntuma y Ccollana, del distrito de Velille, decidieron suspender sus medidas de fuerza hasta el d\u00eda mi\u00e9rcoles 28 de\u00a0 octubre, fecha para la siguiente reuni\u00f3n. De lo contrario, continuar\u00edan la huelga de manera indefinida.<\/p>\n<p>Luego de 7 d\u00edas de protesta bloqueando las v\u00edas de transporte del material extractivo, los frentes de defensa y comit\u00e9s de lucha de ambas comunidades se reunieron con\u00a0la empresa minera MMG Las Bambas para buscar atenci\u00f3n a sus demandas. Durante la reuni\u00f3n, estuvieron presentes\u00a0representantes del MINEM, PCM, Defensor\u00eda del Pueblo y autoridades locales.<\/p>\n<p>En la reuni\u00f3n que se desarroll\u00f3 hasta la 1 de la madrugada, la decisi\u00f3n de tregua fue acompa\u00f1ada de los siguientes acuerdos: Reconocimiento como zonas de influencia directa a las comunidades,\u00a0 tratamiento de inter\u00e9s y prioridad por parte del estado, compromiso de la empresa para desarrollar proyectos de desarrollo sostenible para la comunidad, as\u00ed como entregar un tractor para el trabajo agr\u00edcola, 700 mil soles en efectivo y 30 toneladas de avena cada a\u00f1o.<\/p>\n<p>Sin embargo, a\u00fan quedan temas pendientes por discutir, como son el pago de compensaci\u00f3n por da\u00f1os y perjuicios de las actividades extractivas en la zona, la revisi\u00f3n de la Resoluci\u00f3n Ministerial N\u00b0372 en la cual se recategoriza la ruta bloqueada como v\u00eda nacional, y el debate sobre el Convenio Marco.<\/p>\n<p>Cabe mencionar que el inicio de la protesta se dio justamente sobre la Resoluci\u00f3n Ministerial citada. La comunidad de Ccollana, exig\u00eda que su localidad no tuviera 2 carreteras como v\u00eda nacional, puesto que ya se contaba con una que era de uso p\u00fablico, cre\u00e1ndose esta segunda v\u00eda para el uso del transporte de materiales de la empresa minera.<\/p>","protected":false},"excerpt":{"rendered":"<p>Redacci\u00f3n DHSF Las comunidades de Tuntuma y Ccollana, del distrito de Velille, decidieron suspender sus medidas de fuerza hasta el d\u00eda mi\u00e9rcoles 28 de\u00a0 octubre, fecha para la siguiente reuni\u00f3n. De lo contrario, continuar\u00edan la huelga de manera indefinida. Luego de 7 d\u00edas de protesta bloqueando las v\u00edas de transporte del material extractivo, los frentes [&hellip;]<\/p>\n","protected":false},"author":1,"featured_media":3752,"comment_status":"open","ping_status":"open","sticky":false,"template":"","format":"standard","meta":{"_monsterinsights_skip_tracking":false,"_monsterinsights_sitenote_active":false,"_monsterinsights_sitenote_note":"","_monsterinsights_sitenote_category":0,"_jetpack_memberships_contains_paid_content":false,"footnotes":"","jetpack_publicize_message":"","jetpack_publicize_feature_enabled":true,"jetpack_social_post_already_shared":false,"jetpack_social_options":{"image_generator_settings":{"template":"highway","default_image_id":0,"font":"","enabled":false},"version":2}},"categories":[1],"tags":[],"class_list":["post-3751","post","type-post","status-publish","format-standard","has-post-thumbnail","hentry","category-sin-categoria"],"blocksy_meta":[],"jetpack_publicize_connections":[],"jetpack_featured_media_url":"https:\/\/derechosinfronteras.pe\/wp-content\/uploads\/2020\/10\/35.-VELILLE.jpg","jetpack_sharing_enabled":true,"jetpack_likes_enabled":true,"_links":{"self":[{"href":"https:\/\/derechosinfronteras.pe\/ingles\/wp-json\/wp\/v2\/posts\/3751","targetHints":{"allow":["GET"]}}],"collection":[{"href":"https:\/\/derechosinfronteras.pe\/ingles\/wp-json\/wp\/v2\/posts"}],"about":[{"href":"https:\/\/derechosinfronteras.pe\/ingles\/wp-json\/wp\/v2\/types\/post"}],"author":[{"embeddable":true,"href":"https:\/\/derechosinfronteras.pe\/ingles\/wp-json\/wp\/v2\/users\/1"}],"replies":[{"embeddable":true,"href":"https:\/\/derechosinfronteras.pe\/ingles\/wp-json\/wp\/v2\/comments?post=3751"}],"version-history":[{"count":0,"href":"https:\/\/derechosinfronteras.pe\/ingles\/wp-json\/wp\/v2\/posts\/3751\/revisions"}],"wp:featuredmedia":[{"embeddable":true,"href":"https:\/\/derechosinfronteras.pe\/ingles\/wp-json\/wp\/v2\/media\/3752"}],"wp:attachment":[{"href":"https:\/\/derechosinfronteras.pe\/ingles\/wp-json\/wp\/v2\/media?parent=3751"}],"wp:term":[{"taxonomy":"category","embeddable":true,"href":"https:\/\/derechosinfronteras.pe\/ingles\/wp-json\/wp\/v2\/categories?post=3751"},{"taxonomy":"post_tag","embeddable":true,"href":"https:\/\/derechosinfronteras.pe\/ingles\/wp-json\/wp\/v2\/tags?post=3751"}],"curies":[{"name":"wp","href":"https:\/\/api.w.org\/{rel}","templated":true}]}}