{"id":3753,"date":"2020-10-21T17:59:16","date_gmt":"2020-10-21T22:59:16","guid":{"rendered":"http:\/\/derechosinfronteras.pe\/?p=6849"},"modified":"2020-10-21T17:59:16","modified_gmt":"2020-10-21T22:59:16","slug":"se-reinstala-mesa-de-dialogo-en-chumbivilcas-con-empresa-minera-hudbay","status":"publish","type":"post","link":"https:\/\/derechosinfronteras.pe\/ingles\/se-reinstala-mesa-de-dialogo-en-chumbivilcas-con-empresa-minera-hudbay\/","title":{"rendered":"Se reinstala mesa de di\u00e1logo en Chumbivilcas con empresa minera Hudbay"},"content":{"rendered":"<p>Redacci\u00f3n DHSF<\/p>\n<p>La mesa de di\u00e1logo entre la Provincia de Chumbivilcas y la empresa minera Hudbuy Per\u00fa para negociar el Convenio Marco provincial se dio por reinstalada el d\u00eda de ayer, 20 de octubre, estando presentes en condici\u00f3n de facilitadores del di\u00e1logo a los representantes del Ministerio de Energ\u00eda y Minas.<\/p>\n<p>La reuni\u00f3n tuvo lugar en el distrito de Santo Tom\u00e1s, teniendo los protocolos de bioseguridad respectivos y encontr\u00e1ndose los alcaldes de los distritos de Colquemarca, Llusco, Livitaca, Chamaca y el alcalde provincial de Chumbivilcas. As\u00ed mismo, estuvieron presentes representantes de los comit\u00e9s de lucha de la provincia y de los distritos de Llusco, Colquemarca y Livitaca. Por el MINEM estuvieron presentes dos especialistas en gesti\u00f3n social. Por parte de Hudbay estuvieron 3 representantes.<\/p>\n<p>Los acuerdos a los que llegaron fueron que para el 27 de octubre, la empresa minera entregar\u00e1 la propuesta de Convenio Marco al MINEM y a la coordinaci\u00f3n de la Mesa T\u00e9cnica, que a su vez, remitir\u00e1 una propuesta de reglamento de participaci\u00f3n a las partes.<\/p>\n<p>La pr\u00f3xima reuni\u00f3n est\u00e1 programada para el 3 de noviembre del presente a las 10:00 am.<\/p>\n<p>&nbsp;<\/p>","protected":false},"excerpt":{"rendered":"<p>Redacci\u00f3n DHSF La mesa de di\u00e1logo entre la Provincia de Chumbivilcas y la empresa minera Hudbuy Per\u00fa para negociar el Convenio Marco provincial se dio por reinstalada el d\u00eda de ayer, 20 de octubre, estando presentes en condici\u00f3n de facilitadores del di\u00e1logo a los representantes del Ministerio de Energ\u00eda y Minas. La reuni\u00f3n tuvo lugar [&hellip;]<\/p>\n","protected":false},"author":1,"featured_media":3754,"comment_status":"open","ping_status":"open","sticky":false,"template":"","format":"standard","meta":{"_monsterinsights_skip_tracking":false,"_monsterinsights_sitenote_active":false,"_monsterinsights_sitenote_note":"","_monsterinsights_sitenote_category":0,"_jetpack_memberships_contains_paid_content":false,"footnotes":"","jetpack_publicize_message":"","jetpack_publicize_feature_enabled":true,"jetpack_social_post_already_shared":false,"jetpack_social_options":{"image_generator_settings":{"template":"highway","default_image_id":0,"font":"","enabled":false},"version":2}},"categories":[1],"tags":[],"class_list":["post-3753","post","type-post","status-publish","format-standard","has-post-thumbnail","hentry","category-sin-categoria"],"blocksy_meta":[],"jetpack_publicize_connections":[],"jetpack_featured_media_url":"https:\/\/derechosinfronteras.pe\/wp-content\/uploads\/2020\/10\/33.-REINSTALACION-MESA-DE-DIALOGO-EN-CHUMBIVILCAS.jpg","jetpack_sharing_enabled":true,"jetpack_likes_enabled":true,"_links":{"self":[{"href":"https:\/\/derechosinfronteras.pe\/ingles\/wp-json\/wp\/v2\/posts\/3753","targetHints":{"allow":["GET"]}}],"collection":[{"href":"https:\/\/derechosinfronteras.pe\/ingles\/wp-json\/wp\/v2\/posts"}],"about":[{"href":"https:\/\/derechosinfronteras.pe\/ingles\/wp-json\/wp\/v2\/types\/post"}],"author":[{"embeddable":true,"href":"https:\/\/derechosinfronteras.pe\/ingles\/wp-json\/wp\/v2\/users\/1"}],"replies":[{"embeddable":true,"href":"https:\/\/derechosinfronteras.pe\/ingles\/wp-json\/wp\/v2\/comments?post=3753"}],"version-history":[{"count":0,"href":"https:\/\/derechosinfronteras.pe\/ingles\/wp-json\/wp\/v2\/posts\/3753\/revisions"}],"wp:featuredmedia":[{"embeddable":true,"href":"https:\/\/derechosinfronteras.pe\/ingles\/wp-json\/wp\/v2\/media\/3754"}],"wp:attachment":[{"href":"https:\/\/derechosinfronteras.pe\/ingles\/wp-json\/wp\/v2\/media?parent=3753"}],"wp:term":[{"taxonomy":"category","embeddable":true,"href":"https:\/\/derechosinfronteras.pe\/ingles\/wp-json\/wp\/v2\/categories?post=3753"},{"taxonomy":"post_tag","embeddable":true,"href":"https:\/\/derechosinfronteras.pe\/ingles\/wp-json\/wp\/v2\/tags?post=3753"}],"curies":[{"name":"wp","href":"https:\/\/api.w.org\/{rel}","templated":true}]}}