{"id":3755,"date":"2020-10-21T14:40:49","date_gmt":"2020-10-21T19:40:49","guid":{"rendered":"http:\/\/derechosinfronteras.pe\/?p=6835"},"modified":"2020-10-21T14:40:49","modified_gmt":"2020-10-21T19:40:49","slug":"lideresas-de-cus-sobre-caso-de-violacion-grupal","status":"publish","type":"post","link":"https:\/\/derechosinfronteras.pe\/ingles\/lideresas-de-cus-sobre-caso-de-violacion-grupal\/","title":{"rendered":"Lideresas de Cusco sobre caso de violaci\u00f3n grupal: \u201cNo podemos permitir que se normalice la violencia de g\u00e9nero\u00bb"},"content":{"rendered":"<p>Redacci\u00f3n DHSF<\/p>\n<p>El \u00faltimo caso de violaci\u00f3n grupal ocurrida en Lima ha despertado indignaci\u00f3n en el pa\u00eds y tambi\u00e9n en nuestra regi\u00f3n Cusco. No solo por el repudiable hecho, sino tambi\u00e9n por los mensajes difundidos en las redes sociales culpabilizando a la v\u00edctima. Incluso, el propio abogado de los 5 acusados trat\u00f3 de hacerlo.<\/p>\n<p>La presidenta de las Defensor\u00edas Comunitarias Cusi Q\u2019oyllor, Beatriz Ray\u00e1n, expres\u00f3 que muchas veces la v\u00edctima no encuentra justicia porque las autoridades no creen en su versi\u00f3n.<\/p>\n<p>\u201cSiempre (la gente) dice que (la mujer) no se ha cuidado, que no estaba temprano en su casa, que ella seguro le daba campo (al var\u00f3n para que act\u00fae de esa manera), eso dicen las autoridades. Por eso, no toman en cuenta las declaraciones de la v\u00edctima\u201d, declar\u00f3.<\/p>\n<p>Esta \u00faltima denuncia de abuso sexual no es un caso aislado. La pandemia ha visibilizado la violencia de g\u00e9nero hacia las mujeres y ni\u00f1as, quienes ni en su propia casa est\u00e1n seguras.<\/p>\n<p>En el distrito de Santo Tom\u00e1s, provincia de Chumbivilcas, Beatriz Ray\u00e1n es consciente de que las mujeres se enfrentan a un sistema machista donde hasta las instituciones del Estado se convierten en c\u00f3mplices al no sancionar severamente a los agresores. Una muestra es la denuncia hecha por una enfermera del Hospital de Santo Tom\u00e1s contra cuatro trabajadores por violaci\u00f3n sexual. Desde que se conoci\u00f3 la noticia, Beatriz ha intentado recabar informaci\u00f3n para fiscalizar el actuar de las autoridades, pero el hermetismo es total.<\/p>\n<p>\u201cNo me han dejado entrar al hospital (para hablar con la enfermera). En mesa de partes, no hay atenci\u00f3n. Solo atienden por emergencia. Ni cuando digo que voy a atender a mi hijo, me dejan ingresar. Como organizaci\u00f3n social debemos hacer llegar un documento a la ministra de la Mujer para que nos escuche y sepa el riesgo en que se encuentran las mujeres. La polic\u00eda debe actuar de manera m\u00e1s dr\u00e1stica y r\u00e1pida y tambi\u00e9n todas las autoridades\u201d, precis\u00f3 la lideresa.<\/p>\n<p>La integrante de la Asociaci\u00f3n de Mujeres Defensoras del Territorio y Cultura K\u2019ana, Elsa Merma, tambi\u00e9n considera que la cultura machista es el principal problema social de nuestro pa\u00eds, el cual tiene una estrecha relaci\u00f3n con la desigualdad entre hombres y mujeres y la violencia de g\u00e9nero.<\/p>\n<p>\u201c\u00bfAcaso las mujeres cuando estamos tomando y (vemos) a los varones en la calle, nosotras los violamos?\u201d, expuso la lideresa en relaci\u00f3n a la declaraci\u00f3n del abogado de los involucrados en la violaci\u00f3n grupal, quien dijo para justificar el abuso sexual que \u201ca la se\u00f1orita (a la v\u00edctima) le gustaba la vida social\u201d.<\/p>\n<p>\u201cC\u00f3mo es posible que haya gente que defienda (la violaci\u00f3n sexual) y c\u00f3mo los profesionales se prestan para esas cosas. Las mujeres debemos expresar nuestra indignaci\u00f3n y llegar a nivel nacional. No podemos permitir que esto vuelva a pasar\u201d, continu\u00f3 declarando Elsa Merma.<\/p>\n<p>De acuerdo a informaci\u00f3n del portal del Ministerio de la Mujer y Poblaciones Vulnerables, de enero a marzo, se registr\u00f3 m\u00e1s de 4 mil casos de violencia sexual en el Per\u00fa.<\/p>\n<p>El mes pasado en nuestra regi\u00f3n, a trav\u00e9s de los medios de comunicaci\u00f3n, se difundi\u00f3 el caso de una ciudadana, de 54 a\u00f1os, en Poroy, quien tuvo que pasar por tres cirug\u00edas debido a las heridas y lesiones causadas por la violaci\u00f3n grupal. Esta es una de las tantas denuncias de abuso sexual conocidas en Cusco y no se descarta que haya m\u00e1s casos cuyas v\u00edctimas se mantienen en el anonimato.<\/p>","protected":false},"excerpt":{"rendered":"<p>Redacci\u00f3n DHSF El \u00faltimo caso de violaci\u00f3n grupal ocurrida en Lima ha despertado indignaci\u00f3n en el pa\u00eds y tambi\u00e9n en nuestra regi\u00f3n Cusco. No solo por el repudiable hecho, sino tambi\u00e9n por los mensajes difundidos en las redes sociales culpabilizando a la v\u00edctima. Incluso, el propio abogado de los 5 acusados trat\u00f3 de hacerlo. La [&hellip;]<\/p>\n","protected":false},"author":1,"featured_media":3756,"comment_status":"open","ping_status":"open","sticky":false,"template":"","format":"standard","meta":{"_monsterinsights_skip_tracking":false,"_monsterinsights_sitenote_active":false,"_monsterinsights_sitenote_note":"","_monsterinsights_sitenote_category":0,"_jetpack_memberships_contains_paid_content":false,"footnotes":"","jetpack_publicize_message":"","jetpack_publicize_feature_enabled":true,"jetpack_social_post_already_shared":false,"jetpack_social_options":{"image_generator_settings":{"template":"highway","default_image_id":0,"font":"","enabled":false},"version":2}},"categories":[1],"tags":[],"class_list":["post-3755","post","type-post","status-publish","format-standard","has-post-thumbnail","hentry","category-sin-categoria"],"blocksy_meta":[],"jetpack_publicize_connections":[],"jetpack_featured_media_url":"https:\/\/derechosinfronteras.pe\/wp-content\/uploads\/2020\/10\/NOTA-LIDERESAS-1.jpg","jetpack_sharing_enabled":true,"jetpack_likes_enabled":true,"_links":{"self":[{"href":"https:\/\/derechosinfronteras.pe\/ingles\/wp-json\/wp\/v2\/posts\/3755","targetHints":{"allow":["GET"]}}],"collection":[{"href":"https:\/\/derechosinfronteras.pe\/ingles\/wp-json\/wp\/v2\/posts"}],"about":[{"href":"https:\/\/derechosinfronteras.pe\/ingles\/wp-json\/wp\/v2\/types\/post"}],"author":[{"embeddable":true,"href":"https:\/\/derechosinfronteras.pe\/ingles\/wp-json\/wp\/v2\/users\/1"}],"replies":[{"embeddable":true,"href":"https:\/\/derechosinfronteras.pe\/ingles\/wp-json\/wp\/v2\/comments?post=3755"}],"version-history":[{"count":0,"href":"https:\/\/derechosinfronteras.pe\/ingles\/wp-json\/wp\/v2\/posts\/3755\/revisions"}],"wp:featuredmedia":[{"embeddable":true,"href":"https:\/\/derechosinfronteras.pe\/ingles\/wp-json\/wp\/v2\/media\/3756"}],"wp:attachment":[{"href":"https:\/\/derechosinfronteras.pe\/ingles\/wp-json\/wp\/v2\/media?parent=3755"}],"wp:term":[{"taxonomy":"category","embeddable":true,"href":"https:\/\/derechosinfronteras.pe\/ingles\/wp-json\/wp\/v2\/categories?post=3755"},{"taxonomy":"post_tag","embeddable":true,"href":"https:\/\/derechosinfronteras.pe\/ingles\/wp-json\/wp\/v2\/tags?post=3755"}],"curies":[{"name":"wp","href":"https:\/\/api.w.org\/{rel}","templated":true}]}}