{"id":3761,"date":"2020-10-19T20:05:44","date_gmt":"2020-10-20T01:05:44","guid":{"rendered":"http:\/\/derechosinfronteras.pe\/?p=6821"},"modified":"2020-10-19T20:05:44","modified_gmt":"2020-10-20T01:05:44","slug":"prnunciamiento-desde-red-muqui-exhortamos-al-congreso-de-la-republica-a-ratificar-el-acuerdo-de-escazu","status":"publish","type":"post","link":"https:\/\/derechosinfronteras.pe\/ingles\/prnunciamiento-desde-red-muqui-exhortamos-al-congreso-de-la-republica-a-ratificar-el-acuerdo-de-escazu\/","title":{"rendered":"PRONUNCIAMIENTO: Desde RED MUQUI exhortamos al Congreso de la Rep\u00fablica a ratificar el acuerdo de Escaz\u00fa"},"content":{"rendered":"<div class=\"entry-content\">\n<p>La Red Muqui, miembros de las redes macroregionales de Muqui Centro, Muqui Norte y el Colectivo de Abogados y Abogadas de Muqui Sur, expresamos nuestro rechazo y preocupaci\u00f3n frente a las opiniones vertidas por el archivamiento de la Resoluci\u00f3n Legislativa que busca ratificar el acuerdo de Escaz\u00fa denominado\u00a0<strong>\u201c<em>Acuerdo Regional sobre el Acceso a la Informaci\u00f3n, la Participaci\u00f3n P\u00fablica y el Acceso a la Justicia en Asuntos Ambientales en Am\u00e9rica Latina y el Caribe\u201d<\/em>.\u00a0<\/strong>Al respecto se\u00f1alamos lo siguiente:<\/p>\n<p>1.- Rechazamos el adelanto de decisi\u00f3n de no ratificar el Acuerdo de Escaz\u00fa por parte de la Comisi\u00f3n de Relaciones Exteriores del Congreso de la Rep\u00fablica. Consideramos que no ratificar dicho acuerdo ser\u00eda un grave retroceso del Estado peruano en la l\u00ednea de promover la vigencia y garant\u00eda de los derechos humanos, territoriales y ambientales.<\/p>\n<p>2.- Precisamos que el Acuerdo de Escaz\u00fa no contraviene los principios y valores del Estado Peruano. Todo lo contrario, el Acuerdo es un instrumento internacional que busca fortalecer la protecci\u00f3n de los derechos, en especial el medio ambiente, la vida de los defensores y defensoras y la vigencia de la democracia a trav\u00e9s de la participaci\u00f3n y fiscalizaci\u00f3n ciudadana en materia ambiental.<\/p>\n<p>3.- Resaltamos que la ratificaci\u00f3n del Acuerdo de Escaz\u00fa no implica que el Per\u00fa pierda su soberan\u00eda sobre sus recursos naturales, bienes comunes o la jurisdicci\u00f3n interna. El art\u00edculo 3ro de dicho Acuerdo establece claramente que se rige por el irrestricto respecto de la\u00a0<em>\u201csoberan\u00eda permanente de los Estados sobre sus recursos naturales\u201d<\/em>. El Per\u00fa, como parte de la Organizaci\u00f3n de los Estados Americanos (OEA) ratific\u00f3 la Convenci\u00f3n Americana sobre Derechos Humanos y reconoce las competencias de la Corte Interamericana de Derechos Humanos, sin que ello haya significado el menoscabo a nuestro sistema de justicia interna; al contrario, la cooperaci\u00f3n entre las cortes ha fortalecido nuestra democracia.<\/p>\n<p>4.- La labor de defensa de derechos ambientales en nuestro pa\u00eds enfrenta muchos riesgos como asesinatos y criminalizaci\u00f3n de defensores y defensoras ambientales, tal como lo hemos constatado en las ultimos meses en nuestro pa\u00eds. Por ello es importante reforzar los mecanismos para acceder a informaci\u00f3n, desplegar mecanismos reales de protecci\u00f3n de defensores y garantizar el acceso a la justicia en caso de da\u00f1os. El Acuerdo de Escaz\u00fa otorga estos y otros est\u00e1ndares de protecci\u00f3n y as\u00ed lo reconocen la mayoria de paises que la han suscrito.<\/p>\n<p>Finalmente, por todo lo se\u00f1alado\u00a0<strong>INSTAMOS<\/strong>\u00a0a los miembros de la Comisi\u00f3n de Relaciones Exteriores del Congreso de la Rep\u00fablica a ratificar el acuerdo de Escaz\u00fa, pues permitir\u00e1 asegurar que toda persona tenga acceso a la informaci\u00f3n, participe en la toma de decisiones y acceda a la justicia en asuntos ambientales, con el fin de garantizar el derecho a un medio ambiente sano y sostenible para las generaciones presentes y futuras.<\/p>\n<p>19 de octubre del 2020.<\/p>\n<\/div>","protected":false},"excerpt":{"rendered":"<p>La Red Muqui, miembros de las redes macroregionales de Muqui Centro, Muqui Norte y el Colectivo de Abogados y Abogadas de Muqui Sur, expresamos nuestro rechazo y preocupaci\u00f3n frente a las opiniones vertidas por el archivamiento de la Resoluci\u00f3n Legislativa que busca ratificar el acuerdo de Escaz\u00fa denominado\u00a0\u201cAcuerdo Regional sobre el Acceso a la Informaci\u00f3n, [&hellip;]<\/p>\n","protected":false},"author":1,"featured_media":3762,"comment_status":"open","ping_status":"open","sticky":false,"template":"","format":"standard","meta":{"_monsterinsights_skip_tracking":false,"_monsterinsights_sitenote_active":false,"_monsterinsights_sitenote_note":"","_monsterinsights_sitenote_category":0,"_jetpack_memberships_contains_paid_content":false,"footnotes":"","jetpack_publicize_message":"","jetpack_publicize_feature_enabled":true,"jetpack_social_post_already_shared":false,"jetpack_social_options":{"image_generator_settings":{"template":"highway","default_image_id":0,"font":"","enabled":false},"version":2}},"categories":[1],"tags":[],"class_list":["post-3761","post","type-post","status-publish","format-standard","has-post-thumbnail","hentry","category-sin-categoria"],"blocksy_meta":[],"jetpack_publicize_connections":[],"jetpack_featured_media_url":"https:\/\/derechosinfronteras.pe\/wp-content\/uploads\/2020\/10\/WhatsApp-Image-2020-10-19-at-5.11.27-PM-705x321-1.jpeg","jetpack_sharing_enabled":true,"jetpack_likes_enabled":true,"_links":{"self":[{"href":"https:\/\/derechosinfronteras.pe\/ingles\/wp-json\/wp\/v2\/posts\/3761","targetHints":{"allow":["GET"]}}],"collection":[{"href":"https:\/\/derechosinfronteras.pe\/ingles\/wp-json\/wp\/v2\/posts"}],"about":[{"href":"https:\/\/derechosinfronteras.pe\/ingles\/wp-json\/wp\/v2\/types\/post"}],"author":[{"embeddable":true,"href":"https:\/\/derechosinfronteras.pe\/ingles\/wp-json\/wp\/v2\/users\/1"}],"replies":[{"embeddable":true,"href":"https:\/\/derechosinfronteras.pe\/ingles\/wp-json\/wp\/v2\/comments?post=3761"}],"version-history":[{"count":0,"href":"https:\/\/derechosinfronteras.pe\/ingles\/wp-json\/wp\/v2\/posts\/3761\/revisions"}],"wp:featuredmedia":[{"embeddable":true,"href":"https:\/\/derechosinfronteras.pe\/ingles\/wp-json\/wp\/v2\/media\/3762"}],"wp:attachment":[{"href":"https:\/\/derechosinfronteras.pe\/ingles\/wp-json\/wp\/v2\/media?parent=3761"}],"wp:term":[{"taxonomy":"category","embeddable":true,"href":"https:\/\/derechosinfronteras.pe\/ingles\/wp-json\/wp\/v2\/categories?post=3761"},{"taxonomy":"post_tag","embeddable":true,"href":"https:\/\/derechosinfronteras.pe\/ingles\/wp-json\/wp\/v2\/tags?post=3761"}],"curies":[{"name":"wp","href":"https:\/\/api.w.org\/{rel}","templated":true}]}}