{"id":3763,"date":"2020-10-19T18:06:08","date_gmt":"2020-10-19T23:06:08","guid":{"rendered":"http:\/\/derechosinfronteras.pe\/?p=6812"},"modified":"2020-10-19T18:06:08","modified_gmt":"2020-10-19T23:06:08","slug":"asociacion-de-vigilantes-y-monitores-ambientales-de-espinar-elige-a-su-nueva-junta-directiva","status":"publish","type":"post","link":"https:\/\/derechosinfronteras.pe\/ingles\/asociacion-de-vigilantes-y-monitores-ambientales-de-espinar-elige-a-su-nueva-junta-directiva\/","title":{"rendered":"Asociaci\u00f3n de Vigilantes y Monitores Ambientales de Espinar elige a su nueva junta directiva"},"content":{"rendered":"<p>Redacci\u00f3n DHSF<\/p>\n<p>La Asociaci\u00f3n de Vigilantes y Monitores Ambientales de Espinar (AVMAE) en una jornada democr\u00e1tica eligi\u00f3 el fin de semana a su nueva junta directiva para el periodo 2021-2022.<\/p>\n<p>La presidenta electa es la estudiante Ivoneth Chilo Quispe, quien asume el cargo en lugar de su antecesor Santos Fulgencio Chuchullo Cotohuanca. Tambi\u00e9n fueron elegidos Abelino Sahuinco Llave, Dolores Cupa Flores, Vilma Zambrano Lopinta, Jos\u00e9 Cabrera Soto y Julia Carlos Aquise, vicepresidente, secretario de actas, tesorera, fiscal y vocal, respectivamente.<\/p>\n<p>Esta nueva gesti\u00f3n tiene el reto de seguir impulsando planes y actividades por la defensa y la exigencia de los derechos humanos, ambientales y a la salud.<\/p>\n<p>La AVMAE es una organizaci\u00f3n de voluntarios y voluntarias ambientalistas conformada por comuneros, j\u00f3venes, estudiantes universitarios, institutos y colegios. Fue constituida el 27 de octubre del a\u00f1o 2017 e inscrita en Registros P\u00fablicos, el 9 de octubre del a\u00f1o 2018, con la finalidad de promover y contribuir en la protecci\u00f3n de la calidad ambiental, en especial la calidad y cantidad del agua, a trav\u00e9s de la vigilancia y monitoreo comunitario en las cuencas Ca\u00f1ipia y Salado de la provincia de Espinar.<\/p>\n<p>Desde entonces, sus miembros realizan permanentemente acciones de monitoreo ambiental comunitario en las cuencas del r\u00cdo Ca\u00f1ipia y Salado. Tambi\u00e9n han participado como fiscalizadores en los monitoreos especializados realizados por la Autoridad Nacional de Agua (ANA) y el Organismo de Evaluaci\u00f3n y Fiscalizaci\u00f3n Ambiental (OEFA).<\/p>\n<p>Adem\u00e1s, han apoyado varios estudios sobre la calidad de los recursos h\u00eddricos en Espinar, asimismo han desarrollado actividades de incidencia y campa\u00f1as de sensibilizaci\u00f3n por el D\u00eda Internacional del Agua, D\u00eda Mundial del Medio Ambiente, D\u00eda de la Gesti\u00f3n Responsable del Agua, entre otras fechas del calendario ambiental.<\/p>\n<p>Durante la pandemia del COVID-19\u00a0 y la emergencia sanitaria,\u00a0 el Estado ha decretado la cuarentena y confinamiento de la ciudadan\u00eda a sus casas y ha emitido el Decreto Legislativo N\u00b0 1500, que aprueba el Reglamento de Fiscalizaci\u00f3n Ambiental que suspende las obligaciones de remitir reportes, realizar monitoreo y cualquier otra informaci\u00f3n de car\u00e1cter ambiental o social por ser trabajos de campo, permitiendo que las empresas contaminen sin ning\u00fan tipo de fiscalizaci\u00f3n del Estado.<\/p>\n<p>En medio de este complicado escenario, la AVMAE ha reorientado su plan de vigilancia ambiental en tiempos de pandemia a trav\u00e9s de fichas de incidencias ambientales, ha seguido con sus actividades programadas de incidencia y sensibilizaci\u00f3n, y conduciendo el programa radial La Hora Ambiental todos los s\u00e1bados de 5 a 6 de la tarde por radio Solar, con la finalidad de generar conciencia ambiental en la ciudadan\u00eda de Espinar.<\/p>\n<p>Lamentablemente, el Estado no reconoce a las organizaciones de vigilancia ambiental comunitaria, su labor y los resultados que obtienen. La AVMAE impulsa los Proyectos Legislativos 336\/2016-CR y 389\/2016- CR (Ley Marco Sobre Monitoreo y Vigilancia Ambiental Ind\u00edgena y Ciudadana) que ha sido aprobado en la Comisi\u00f3n de Pueblos Andinos Amaz\u00f3nicos y Afroperuanos, Ambiente y Ecolog\u00eda. Actualmente, se espera que el Pleno del Congreso pueda debatirlo y aprobarlo. Este proyecto legislativo plantea que las organizaciones de vigilancia y monitoreo comunitario sean reconocidas como parte del Sistema Nacional de Gesti\u00f3n Ambiental y que su labor y sus resultados sean v\u00e1lidos.<\/p>\n<p>Derechos Humanos Sin Fronteras reconoce el valioso aporte de la\u00a0AVMAE y exige la aprobaci\u00f3n\u00a0de los Proyectos Legislativos 336\/2016-CR y 389\/2016- CR.<\/p>\n<p>&nbsp;<\/p>","protected":false},"excerpt":{"rendered":"<p>Redacci\u00f3n DHSF La Asociaci\u00f3n de Vigilantes y Monitores Ambientales de Espinar (AVMAE) en una jornada democr\u00e1tica eligi\u00f3 el fin de semana a su nueva junta directiva para el periodo 2021-2022. La presidenta electa es la estudiante Ivoneth Chilo Quispe, quien asume el cargo en lugar de su antecesor Santos Fulgencio Chuchullo Cotohuanca. Tambi\u00e9n fueron elegidos [&hellip;]<\/p>\n","protected":false},"author":1,"featured_media":3764,"comment_status":"open","ping_status":"open","sticky":false,"template":"","format":"standard","meta":{"_monsterinsights_skip_tracking":false,"_monsterinsights_sitenote_active":false,"_monsterinsights_sitenote_note":"","_monsterinsights_sitenote_category":0,"_jetpack_memberships_contains_paid_content":false,"footnotes":"","jetpack_publicize_message":"","jetpack_publicize_feature_enabled":true,"jetpack_social_post_already_shared":false,"jetpack_social_options":{"image_generator_settings":{"template":"highway","default_image_id":0,"font":"","enabled":false},"version":2}},"categories":[1],"tags":[],"class_list":["post-3763","post","type-post","status-publish","format-standard","has-post-thumbnail","hentry","category-sin-categoria"],"blocksy_meta":[],"jetpack_publicize_connections":[],"jetpack_featured_media_url":"https:\/\/derechosinfronteras.pe\/wp-content\/uploads\/2020\/10\/nota-avmae-2.jpg","jetpack_sharing_enabled":true,"jetpack_likes_enabled":true,"_links":{"self":[{"href":"https:\/\/derechosinfronteras.pe\/ingles\/wp-json\/wp\/v2\/posts\/3763","targetHints":{"allow":["GET"]}}],"collection":[{"href":"https:\/\/derechosinfronteras.pe\/ingles\/wp-json\/wp\/v2\/posts"}],"about":[{"href":"https:\/\/derechosinfronteras.pe\/ingles\/wp-json\/wp\/v2\/types\/post"}],"author":[{"embeddable":true,"href":"https:\/\/derechosinfronteras.pe\/ingles\/wp-json\/wp\/v2\/users\/1"}],"replies":[{"embeddable":true,"href":"https:\/\/derechosinfronteras.pe\/ingles\/wp-json\/wp\/v2\/comments?post=3763"}],"version-history":[{"count":0,"href":"https:\/\/derechosinfronteras.pe\/ingles\/wp-json\/wp\/v2\/posts\/3763\/revisions"}],"wp:featuredmedia":[{"embeddable":true,"href":"https:\/\/derechosinfronteras.pe\/ingles\/wp-json\/wp\/v2\/media\/3764"}],"wp:attachment":[{"href":"https:\/\/derechosinfronteras.pe\/ingles\/wp-json\/wp\/v2\/media?parent=3763"}],"wp:term":[{"taxonomy":"category","embeddable":true,"href":"https:\/\/derechosinfronteras.pe\/ingles\/wp-json\/wp\/v2\/categories?post=3763"},{"taxonomy":"post_tag","embeddable":true,"href":"https:\/\/derechosinfronteras.pe\/ingles\/wp-json\/wp\/v2\/tags?post=3763"}],"curies":[{"name":"wp","href":"https:\/\/api.w.org\/{rel}","templated":true}]}}